{"id":62902,"date":"2021-08-07T20:16:38","date_gmt":"2021-08-07T19:16:38","guid":{"rendered":"https:\/\/www.podunavlje.info\/dir\/?p=62902"},"modified":"2021-08-07T20:41:31","modified_gmt":"2021-08-07T19:41:31","slug":"predstavljena-kampanja-pristupacno-smederevo","status":"publish","type":"post","link":"https:\/\/www.podunavlje.info\/dir\/2021\/08\/07\/predstavljena-kampanja-pristupacno-smederevo\/","title":{"rendered":"Predstavljena kampanja \u201ePristupa\u010dno Smederevo\u201c"},"content":{"rendered":"<p>SMEDEREVO, 7 avgust 2021 &#8211; U organizaciji Gradskog saveza socijalno humanitarnih organizacija Smederevo odr\u017ean je informativni sastanak sa predstavnicima grada Smedereva i svih javnih i obrazovnih ustanova na kojem je promovisana kampanja \u201cPristupa\u010dno Smederevo\u201d.<\/p>\n<p><img fetchpriority=\"high\" decoding=\"async\" class=\"aligncenter size-full wp-image-62908\" src=\"https:\/\/www.podunavlje.info\/dir\/wp-content\/uploads\/2021\/08\/osi-3.jpg\" alt=\"\" width=\"800\" height=\"405\" srcset=\"https:\/\/www.podunavlje.info\/dir\/wp-content\/uploads\/2021\/08\/osi-3.jpg 800w, https:\/\/www.podunavlje.info\/dir\/wp-content\/uploads\/2021\/08\/osi-3-768x389.jpg 768w, https:\/\/www.podunavlje.info\/dir\/wp-content\/uploads\/2021\/08\/osi-3-24x12.jpg 24w, https:\/\/www.podunavlje.info\/dir\/wp-content\/uploads\/2021\/08\/osi-3-36x18.jpg 36w, https:\/\/www.podunavlje.info\/dir\/wp-content\/uploads\/2021\/08\/osi-3-48x24.jpg 48w\" sizes=\"(max-width: 800px) 100vw, 800px\" \/><\/p>\n<p>Sastanak je otvorio predsednik Centra za samostalni \u017eivot osoba sa invaliditetom Smedereva, Rale Damjanovi\u0107, koji je upoznao prisutne sa ciljevima i aktivnostima kampanje, naglasiv\u0161i da u Smederevu \u017eivi vi\u0161e od 10.000 osoba sa invaliditetom koje zbog fizi\u010dkih prepreka, prepreka u informacijama i komunikacijama, prepreka u prevozu i svih drugih barijera u njihovom okru\u017eenju, nemaju jednake mogu\u0107nosti za samostalni \u017eivot i puno u\u010de\u0161\u0107e u svim sferama dru\u0161tvenog \u017eivota. Pozvao je odgovorne na jedinstvo, podr\u0161ku i zajedni\u010dko anga\u017eovanje u kampanji kako bi Smederevo u\u010dinili lep\u0161im i pristupa\u010dnijim mestom za \u017eivot za sve gra\u0111ane i kako bi se prevazi\u0161le predrasude prema osobama sa invaliditetom.<\/p>\n<p>Potom je \u010dlan Radne grupe Du\u0161ko Savi\u0107, preko video prezentacije, ukazao na postoje\u0107e probleme pristupa\u010dnosti javnim ustanovama koje su prakti\u010dno nedostupne osobama sa invaliditetom. U pitanju su Uprava za trezor, Republi\u010dki fond za zdravstveno siguranje i Fond za penzijsko i invalidsko osiguranje &#8211; Filijala Smederevo, MUP Republike Srbije &#8211; Policijska uprava Smederevo, Po\u0161tanska \u0161tedionica A.D. i JP Po\u0161ta Srbije u Mesnoj zajednici Carina. Re\u0161enje za ove ustanove je izgradnja pristupnih rampi i liftova prilago\u0111enih OSI.<\/p>\n<p>Prisutni su mogli da se upoznaju i sa konkretnim primerima nepristupa\u010dnih ustanova i javnih povr\u0161ina, gde su re\u0161enja ura\u0111ena bez konsultacije sa organizacijama OSI, ali i primerima dobrih re\u0161enja koja su realizovana u saradnji sa osobama sa invaliditetom. Prezentovan je i primer pristupa\u010dnog i organizovanog prevoza.<\/p>\n<figure id=\"attachment_62905\" aria-describedby=\"caption-attachment-62905\" style=\"width: 840px\" class=\"wp-caption aligncenter\"><img decoding=\"async\" class=\"wp-image-62905 size-full\" src=\"https:\/\/www.podunavlje.info\/dir\/wp-content\/uploads\/2021\/08\/dobri-primeri.jpg\" alt=\"\" width=\"840\" height=\"320\" srcset=\"https:\/\/www.podunavlje.info\/dir\/wp-content\/uploads\/2021\/08\/dobri-primeri.jpg 840w, https:\/\/www.podunavlje.info\/dir\/wp-content\/uploads\/2021\/08\/dobri-primeri-768x293.jpg 768w, https:\/\/www.podunavlje.info\/dir\/wp-content\/uploads\/2021\/08\/dobri-primeri-24x9.jpg 24w, https:\/\/www.podunavlje.info\/dir\/wp-content\/uploads\/2021\/08\/dobri-primeri-36x14.jpg 36w, https:\/\/www.podunavlje.info\/dir\/wp-content\/uploads\/2021\/08\/dobri-primeri-48x18.jpg 48w\" sizes=\"(max-width: 840px) 100vw, 840px\" \/><figcaption id=\"caption-attachment-62905\" class=\"wp-caption-text\">Dobri primeri: Gradska uprava, zgrada Suda, Po\u0161ta Srbije u centru grada<\/figcaption><\/figure>\n<p>Zaklju\u010deno je da postoje\u0107i problemi mogu da se re\u0161e po\u0161tovanjem donetih propisa, saradnjom izme\u0111u predstavnika ustanova i organizacija OSI, formiranjem radnog tima na nivou grada, prioritetnim dobijanjem dozvola za izgradnju rampi, Strategijom za unapre\u0111enje pristupa\u010dnosti i Lokanim akcionim planom. Izgradnjom pristupnih rampi i ugradnjom liftova omogu\u0107io bi se siguran i bezbedan pristup ne samo za OSI koje koriste ortopedska pomagala ili se ote\u017eano kre\u0107u, ve\u0107 i za trudnice, majke sa malom decom u kolicima, kao i za starije osobe.<\/p>\n<p>Potpredsednik Skup\u0161tine grada Smedereva Bran\u010de Stojanovi\u0107 izrazio je razumevanje i spremnost da se li\u010dno anga\u017euje u realizaciji kampanje i predlo\u017eio radnoj grupi da se predvi\u0111ene aktivnosti operacionalizuju i odrede vremenski rokovi za realizaciju projekta. Naglasio je da postoji spremnost Gradske uprave da pru\u017ei potrebnu logistiku u re\u0161avanju problema pristupa\u010dnosti za populaciju osoba sa invaliditetom koje \u017eive i rade u Smederevu, kako bi se omogu\u0107ilo da svi u\u017eivaju iste mogu\u0107nosti i blagodeti koje pru\u017ea grad.<\/p>\n<p>Dragan Stani\u0107, \u010dlan Gradskog ve\u0107a resorno zadu\u017een za socijalnu politiku, istakao je da osobe sa invaliditetom imaju razumevanje gradona\u010delnika, Gradskog ve\u0107a i Gradske Skup\u0161tine, ali da mnogo posla treba da se uradi u narednom periodu, da je potrebno jedinstvo i izvr\u0161ne i zakonodavne vlasti i svih relevantnih ljudi i institucija da bi se toj populaciji omogu\u0107ilo da normalno \u017eivi, radi i funkcioni\u0161e u gradu. Po njegovom mi\u0161ljenju, potrebna je ve\u0107a a\u017eurnost odgovornih za davanje saglasnosti i uslova za izgradnju pristupnih rampi na koje se \u010deka tri godine, a ako primer naveo je Po\u0161tansku \u0161tedionicu na Trgu Kara\u0111or\u0111ev dud.<\/p>\n<p>Sastanak je bio informativnog karaktera, a tokom realizacije kampanje radna grupa Gradskog saveza SHO Smederevo organizova\u0107e odvojene radne sastanke sa predstavnicima nepristupa\u010dnih ustanova za OSI i definisati i re\u0161avati problem za svaku ustanovu pojedina\u010dno.<\/p>\n","protected":false},"excerpt":{"rendered":"<p>SMEDEREVO, 7 avgust 2021 &#8211; U organizaciji Gradskog saveza socijalno humanitarnih organizacija Smederevo odr\u017ean je informativni sastanak sa predstavnicima grada Smedereva i svih javnih i obrazovnih ustanova na kojem je promovisana kampanja \u201cPristupa\u010dno Smederevo\u201d. Sastanak je otvorio predsednik Centra za samostalni \u017eivot osoba sa invaliditetom Smedereva, Rale Damjanovi\u0107, koji je upoznao prisutne sa ciljevima i [&hellip;]<\/p>\n","protected":false},"author":9,"featured_media":62903,"comment_status":"open","ping_status":"closed","sticky":false,"template":"","format":"standard","meta":{"footnotes":""},"categories":[43,7222,75],"tags":[3860,3070,5173,3137,14470,8414],"class_list":["post-62902","post","type-post","status-publish","format-standard","has-post-thumbnail","hentry","category-drustvo","category-najnovije","category-smederevo","tag-brance-stojanovic","tag-dragan-stanic","tag-dusko-savic","tag-gradski-savez-socijalno-humanitarnih-organizacija","tag-kampanja-pristupacno-smederevo","tag-rale-damjanovic"],"yoast_head":"<!-- This site is optimized with the Yoast SEO plugin v28.4 - https:\/\/yoast.com\/product\/yoast-seo-wordpress\/ -->\n<title>Predstavljena kampanja \u201ePristupa\u010dno Smederevo\u201c -<\/title>\n<meta name=\"robots\" content=\"index, follow, max-snippet:-1, max-image-preview:large, max-video-preview:-1\" \/>\n<link rel=\"canonical\" href=\"https:\/\/www.podunavlje.info\/dir\/2021\/08\/07\/predstavljena-kampanja-pristupacno-smederevo\/\" \/>\n<meta property=\"og:locale\" content=\"sr_RS\" \/>\n<meta property=\"og:type\" content=\"article\" \/>\n<meta property=\"og:title\" content=\"Predstavljena kampanja \u201ePristupa\u010dno Smederevo\u201c -\" \/>\n<meta property=\"og:description\" content=\"SMEDEREVO, 7 avgust 2021 &#8211; U organizaciji Gradskog saveza socijalno humanitarnih organizacija Smederevo odr\u017ean je informativni sastanak sa predstavnicima grada Smedereva i svih javnih i obrazovnih ustanova na kojem je promovisana kampanja \u201cPristupa\u010dno Smederevo\u201d. Sastanak je otvorio predsednik Centra za samostalni \u017eivot osoba sa invaliditetom Smedereva, Rale Damjanovi\u0107, koji je upoznao prisutne sa ciljevima i [&hellip;]\" \/>\n<meta property=\"og:url\" content=\"https:\/\/www.podunavlje.info\/dir\/2021\/08\/07\/predstavljena-kampanja-pristupacno-smederevo\/\" \/>\n<meta property=\"article:publisher\" content=\"https:\/\/www.facebook.com\/podunavlje.info\/\" \/>\n<meta property=\"article:published_time\" content=\"2021-08-07T19:16:38+00:00\" \/>\n<meta property=\"article:modified_time\" content=\"2021-08-07T19:41:31+00:00\" \/>\n<meta property=\"og:image\" content=\"https:\/\/i2.wp.com\/www.podunavlje.info\/dir\/wp-content\/uploads\/2021\/08\/osi-1.jpg?fit=840%2C480&ssl=1\" \/>\n\t<meta property=\"og:image:width\" content=\"840\" \/>\n\t<meta property=\"og:image:height\" content=\"480\" \/>\n\t<meta property=\"og:image:type\" content=\"image\/jpeg\" \/>\n<meta name=\"author\" content=\"e. p.i\" \/>\n<meta name=\"twitter:card\" content=\"summary_large_image\" \/>\n<meta name=\"twitter:creator\" content=\"@PodunavljeInfo\" \/>\n<meta name=\"twitter:site\" content=\"@PodunavljeInfo\" \/>\n<meta name=\"twitter:label1\" content=\"Napisano od\" \/>\n\t<meta name=\"twitter:data1\" content=\"e. p.i\" \/>\n\t<meta name=\"twitter:label2\" content=\"Procenjeno vreme \u010ditanja\" \/>\n\t<meta name=\"twitter:data2\" content=\"3 minuta\" \/>\n<script type=\"application\/ld+json\" class=\"yoast-schema-graph\">{\"@context\":\"https:\\\/\\\/schema.org\",\"@graph\":[{\"@type\":\"Article\",\"@id\":\"https:\\\/\\\/www.podunavlje.info\\\/dir\\\/2021\\\/08\\\/07\\\/predstavljena-kampanja-pristupacno-smederevo\\\/#article\",\"isPartOf\":{\"@id\":\"https:\\\/\\\/www.podunavlje.info\\\/dir\\\/2021\\\/08\\\/07\\\/predstavljena-kampanja-pristupacno-smederevo\\\/\"},\"author\":{\"name\":\"e. p.i\",\"@id\":\"https:\\\/\\\/www.podunavlje.info\\\/dir\\\/#\\\/schema\\\/person\\\/f4e58ee04f5d2eb98c2dd5a9bb3936bf\"},\"headline\":\"Predstavljena kampanja \u201ePristupa\u010dno Smederevo\u201c\",\"datePublished\":\"2021-08-07T19:16:38+00:00\",\"dateModified\":\"2021-08-07T19:41:31+00:00\",\"mainEntityOfPage\":{\"@id\":\"https:\\\/\\\/www.podunavlje.info\\\/dir\\\/2021\\\/08\\\/07\\\/predstavljena-kampanja-pristupacno-smederevo\\\/\"},\"wordCount\":637,\"commentCount\":0,\"image\":{\"@id\":\"https:\\\/\\\/www.podunavlje.info\\\/dir\\\/2021\\\/08\\\/07\\\/predstavljena-kampanja-pristupacno-smederevo\\\/#primaryimage\"},\"thumbnailUrl\":\"https:\\\/\\\/www.podunavlje.info\\\/dir\\\/wp-content\\\/uploads\\\/2021\\\/08\\\/osi-1.jpg\",\"keywords\":[\"Bran\u010de Stojanovi\u0107\",\"Dragan Stani\u0107\",\"Du\u0161ko Savi\u0107\",\"Gradski savez socijalno humanitarnih organizacija\",\"kampanja \u201ePristupa\u010dno Smederevo\u201c\",\"Rale Damjanovi\u0107\"],\"articleSection\":[\"DRU\u0160TVO\",\"NAJNOVIJE\",\"Smederevo\"],\"inLanguage\":\"sr-RS\",\"potentialAction\":[{\"@type\":\"CommentAction\",\"name\":\"Comment\",\"target\":[\"https:\\\/\\\/www.podunavlje.info\\\/dir\\\/2021\\\/08\\\/07\\\/predstavljena-kampanja-pristupacno-smederevo\\\/#respond\"]}]},{\"@type\":\"WebPage\",\"@id\":\"https:\\\/\\\/www.podunavlje.info\\\/dir\\\/2021\\\/08\\\/07\\\/predstavljena-kampanja-pristupacno-smederevo\\\/\",\"url\":\"https:\\\/\\\/www.podunavlje.info\\\/dir\\\/2021\\\/08\\\/07\\\/predstavljena-kampanja-pristupacno-smederevo\\\/\",\"name\":\"Predstavljena kampanja \u201ePristupa\u010dno Smederevo\u201c -\",\"isPartOf\":{\"@id\":\"https:\\\/\\\/www.podunavlje.info\\\/dir\\\/#website\"},\"primaryImageOfPage\":{\"@id\":\"https:\\\/\\\/www.podunavlje.info\\\/dir\\\/2021\\\/08\\\/07\\\/predstavljena-kampanja-pristupacno-smederevo\\\/#primaryimage\"},\"image\":{\"@id\":\"https:\\\/\\\/www.podunavlje.info\\\/dir\\\/2021\\\/08\\\/07\\\/predstavljena-kampanja-pristupacno-smederevo\\\/#primaryimage\"},\"thumbnailUrl\":\"https:\\\/\\\/www.podunavlje.info\\\/dir\\\/wp-content\\\/uploads\\\/2021\\\/08\\\/osi-1.jpg\",\"datePublished\":\"2021-08-07T19:16:38+00:00\",\"dateModified\":\"2021-08-07T19:41:31+00:00\",\"author\":{\"@id\":\"https:\\\/\\\/www.podunavlje.info\\\/dir\\\/#\\\/schema\\\/person\\\/f4e58ee04f5d2eb98c2dd5a9bb3936bf\"},\"breadcrumb\":{\"@id\":\"https:\\\/\\\/www.podunavlje.info\\\/dir\\\/2021\\\/08\\\/07\\\/predstavljena-kampanja-pristupacno-smederevo\\\/#breadcrumb\"},\"inLanguage\":\"sr-RS\",\"potentialAction\":[{\"@type\":\"ReadAction\",\"target\":[\"https:\\\/\\\/www.podunavlje.info\\\/dir\\\/2021\\\/08\\\/07\\\/predstavljena-kampanja-pristupacno-smederevo\\\/\"]}]},{\"@type\":\"ImageObject\",\"inLanguage\":\"sr-RS\",\"@id\":\"https:\\\/\\\/www.podunavlje.info\\\/dir\\\/2021\\\/08\\\/07\\\/predstavljena-kampanja-pristupacno-smederevo\\\/#primaryimage\",\"url\":\"https:\\\/\\\/www.podunavlje.info\\\/dir\\\/wp-content\\\/uploads\\\/2021\\\/08\\\/osi-1.jpg\",\"contentUrl\":\"https:\\\/\\\/www.podunavlje.info\\\/dir\\\/wp-content\\\/uploads\\\/2021\\\/08\\\/osi-1.jpg\",\"width\":840,\"height\":480},{\"@type\":\"BreadcrumbList\",\"@id\":\"https:\\\/\\\/www.podunavlje.info\\\/dir\\\/2021\\\/08\\\/07\\\/predstavljena-kampanja-pristupacno-smederevo\\\/#breadcrumb\",\"itemListElement\":[{\"@type\":\"ListItem\",\"position\":1,\"name\":\"Home\",\"item\":\"https:\\\/\\\/www.podunavlje.info\\\/dir\\\/\"},{\"@type\":\"ListItem\",\"position\":2,\"name\":\"Predstavljena kampanja \u201ePristupa\u010dno Smederevo\u201c\"}]},{\"@type\":\"WebSite\",\"@id\":\"https:\\\/\\\/www.podunavlje.info\\\/dir\\\/#website\",\"url\":\"https:\\\/\\\/www.podunavlje.info\\\/dir\\\/\",\"name\":\"\",\"description\":\"\",\"potentialAction\":[{\"@type\":\"SearchAction\",\"target\":{\"@type\":\"EntryPoint\",\"urlTemplate\":\"https:\\\/\\\/www.podunavlje.info\\\/dir\\\/?s={search_term_string}\"},\"query-input\":{\"@type\":\"PropertyValueSpecification\",\"valueRequired\":true,\"valueName\":\"search_term_string\"}}],\"inLanguage\":\"sr-RS\"},{\"@type\":\"Person\",\"@id\":\"https:\\\/\\\/www.podunavlje.info\\\/dir\\\/#\\\/schema\\\/person\\\/f4e58ee04f5d2eb98c2dd5a9bb3936bf\",\"name\":\"e. p.i\",\"url\":\"https:\\\/\\\/www.podunavlje.info\\\/dir\\\/author\\\/epi\\\/\"}]}<\/script>\n<!-- \/ Yoast SEO plugin. -->","yoast_head_json":{"title":"Predstavljena kampanja \u201ePristupa\u010dno Smederevo\u201c -","robots":{"index":"index","follow":"follow","max-snippet":"max-snippet:-1","max-image-preview":"max-image-preview:large","max-video-preview":"max-video-preview:-1"},"canonical":"https:\/\/www.podunavlje.info\/dir\/2021\/08\/07\/predstavljena-kampanja-pristupacno-smederevo\/","og_locale":"sr_RS","og_type":"article","og_title":"Predstavljena kampanja \u201ePristupa\u010dno Smederevo\u201c -","og_description":"SMEDEREVO, 7 avgust 2021 &#8211; U organizaciji Gradskog saveza socijalno humanitarnih organizacija Smederevo odr\u017ean je informativni sastanak sa predstavnicima grada Smedereva i svih javnih i obrazovnih ustanova na kojem je promovisana kampanja \u201cPristupa\u010dno Smederevo\u201d. Sastanak je otvorio predsednik Centra za samostalni \u017eivot osoba sa invaliditetom Smedereva, Rale Damjanovi\u0107, koji je upoznao prisutne sa ciljevima i [&hellip;]","og_url":"https:\/\/www.podunavlje.info\/dir\/2021\/08\/07\/predstavljena-kampanja-pristupacno-smederevo\/","article_publisher":"https:\/\/www.facebook.com\/podunavlje.info\/","article_published_time":"2021-08-07T19:16:38+00:00","article_modified_time":"2021-08-07T19:41:31+00:00","og_image":[{"width":840,"height":480,"url":"https:\/\/i2.wp.com\/www.podunavlje.info\/dir\/wp-content\/uploads\/2021\/08\/osi-1.jpg?fit=840%2C480&ssl=1","type":"image\/jpeg"}],"author":"e. p.i","twitter_card":"summary_large_image","twitter_creator":"@PodunavljeInfo","twitter_site":"@PodunavljeInfo","twitter_misc":{"Napisano od":"e. p.i","Procenjeno vreme \u010ditanja":"3 minuta"},"schema":{"@context":"https:\/\/schema.org","@graph":[{"@type":"Article","@id":"https:\/\/www.podunavlje.info\/dir\/2021\/08\/07\/predstavljena-kampanja-pristupacno-smederevo\/#article","isPartOf":{"@id":"https:\/\/www.podunavlje.info\/dir\/2021\/08\/07\/predstavljena-kampanja-pristupacno-smederevo\/"},"author":{"name":"e. p.i","@id":"https:\/\/www.podunavlje.info\/dir\/#\/schema\/person\/f4e58ee04f5d2eb98c2dd5a9bb3936bf"},"headline":"Predstavljena kampanja \u201ePristupa\u010dno Smederevo\u201c","datePublished":"2021-08-07T19:16:38+00:00","dateModified":"2021-08-07T19:41:31+00:00","mainEntityOfPage":{"@id":"https:\/\/www.podunavlje.info\/dir\/2021\/08\/07\/predstavljena-kampanja-pristupacno-smederevo\/"},"wordCount":637,"commentCount":0,"image":{"@id":"https:\/\/www.podunavlje.info\/dir\/2021\/08\/07\/predstavljena-kampanja-pristupacno-smederevo\/#primaryimage"},"thumbnailUrl":"https:\/\/www.podunavlje.info\/dir\/wp-content\/uploads\/2021\/08\/osi-1.jpg","keywords":["Bran\u010de Stojanovi\u0107","Dragan Stani\u0107","Du\u0161ko Savi\u0107","Gradski savez socijalno humanitarnih organizacija","kampanja \u201ePristupa\u010dno Smederevo\u201c","Rale Damjanovi\u0107"],"articleSection":["DRU\u0160TVO","NAJNOVIJE","Smederevo"],"inLanguage":"sr-RS","potentialAction":[{"@type":"CommentAction","name":"Comment","target":["https:\/\/www.podunavlje.info\/dir\/2021\/08\/07\/predstavljena-kampanja-pristupacno-smederevo\/#respond"]}]},{"@type":"WebPage","@id":"https:\/\/www.podunavlje.info\/dir\/2021\/08\/07\/predstavljena-kampanja-pristupacno-smederevo\/","url":"https:\/\/www.podunavlje.info\/dir\/2021\/08\/07\/predstavljena-kampanja-pristupacno-smederevo\/","name":"Predstavljena kampanja \u201ePristupa\u010dno Smederevo\u201c -","isPartOf":{"@id":"https:\/\/www.podunavlje.info\/dir\/#website"},"primaryImageOfPage":{"@id":"https:\/\/www.podunavlje.info\/dir\/2021\/08\/07\/predstavljena-kampanja-pristupacno-smederevo\/#primaryimage"},"image":{"@id":"https:\/\/www.podunavlje.info\/dir\/2021\/08\/07\/predstavljena-kampanja-pristupacno-smederevo\/#primaryimage"},"thumbnailUrl":"https:\/\/www.podunavlje.info\/dir\/wp-content\/uploads\/2021\/08\/osi-1.jpg","datePublished":"2021-08-07T19:16:38+00:00","dateModified":"2021-08-07T19:41:31+00:00","author":{"@id":"https:\/\/www.podunavlje.info\/dir\/#\/schema\/person\/f4e58ee04f5d2eb98c2dd5a9bb3936bf"},"breadcrumb":{"@id":"https:\/\/www.podunavlje.info\/dir\/2021\/08\/07\/predstavljena-kampanja-pristupacno-smederevo\/#breadcrumb"},"inLanguage":"sr-RS","potentialAction":[{"@type":"ReadAction","target":["https:\/\/www.podunavlje.info\/dir\/2021\/08\/07\/predstavljena-kampanja-pristupacno-smederevo\/"]}]},{"@type":"ImageObject","inLanguage":"sr-RS","@id":"https:\/\/www.podunavlje.info\/dir\/2021\/08\/07\/predstavljena-kampanja-pristupacno-smederevo\/#primaryimage","url":"https:\/\/www.podunavlje.info\/dir\/wp-content\/uploads\/2021\/08\/osi-1.jpg","contentUrl":"https:\/\/www.podunavlje.info\/dir\/wp-content\/uploads\/2021\/08\/osi-1.jpg","width":840,"height":480},{"@type":"BreadcrumbList","@id":"https:\/\/www.podunavlje.info\/dir\/2021\/08\/07\/predstavljena-kampanja-pristupacno-smederevo\/#breadcrumb","itemListElement":[{"@type":"ListItem","position":1,"name":"Home","item":"https:\/\/www.podunavlje.info\/dir\/"},{"@type":"ListItem","position":2,"name":"Predstavljena kampanja \u201ePristupa\u010dno Smederevo\u201c"}]},{"@type":"WebSite","@id":"https:\/\/www.podunavlje.info\/dir\/#website","url":"https:\/\/www.podunavlje.info\/dir\/","name":"","description":"","potentialAction":[{"@type":"SearchAction","target":{"@type":"EntryPoint","urlTemplate":"https:\/\/www.podunavlje.info\/dir\/?s={search_term_string}"},"query-input":{"@type":"PropertyValueSpecification","valueRequired":true,"valueName":"search_term_string"}}],"inLanguage":"sr-RS"},{"@type":"Person","@id":"https:\/\/www.podunavlje.info\/dir\/#\/schema\/person\/f4e58ee04f5d2eb98c2dd5a9bb3936bf","name":"e. p.i","url":"https:\/\/www.podunavlje.info\/dir\/author\/epi\/"}]}},"_links":{"self":[{"href":"https:\/\/www.podunavlje.info\/dir\/wp-json\/wp\/v2\/posts\/62902","targetHints":{"allow":["GET"]}}],"collection":[{"href":"https:\/\/www.podunavlje.info\/dir\/wp-json\/wp\/v2\/posts"}],"about":[{"href":"https:\/\/www.podunavlje.info\/dir\/wp-json\/wp\/v2\/types\/post"}],"author":[{"embeddable":true,"href":"https:\/\/www.podunavlje.info\/dir\/wp-json\/wp\/v2\/users\/9"}],"replies":[{"embeddable":true,"href":"https:\/\/www.podunavlje.info\/dir\/wp-json\/wp\/v2\/comments?post=62902"}],"version-history":[{"count":6,"href":"https:\/\/www.podunavlje.info\/dir\/wp-json\/wp\/v2\/posts\/62902\/revisions"}],"predecessor-version":[{"id":62913,"href":"https:\/\/www.podunavlje.info\/dir\/wp-json\/wp\/v2\/posts\/62902\/revisions\/62913"}],"wp:featuredmedia":[{"embeddable":true,"href":"https:\/\/www.podunavlje.info\/dir\/wp-json\/wp\/v2\/media\/62903"}],"wp:attachment":[{"href":"https:\/\/www.podunavlje.info\/dir\/wp-json\/wp\/v2\/media?parent=62902"}],"wp:term":[{"taxonomy":"category","embeddable":true,"href":"https:\/\/www.podunavlje.info\/dir\/wp-json\/wp\/v2\/categories?post=62902"},{"taxonomy":"post_tag","embeddable":true,"href":"https:\/\/www.podunavlje.info\/dir\/wp-json\/wp\/v2\/tags?post=62902"}],"curies":[{"name":"wp","href":"https:\/\/api.w.org\/{rel}","templated":true}]}}