{"id":49138,"date":"2020-07-19T21:22:20","date_gmt":"2020-07-19T20:22:20","guid":{"rendered":"http:\/\/www.podunavlje.info\/dir\/?p=49138"},"modified":"2020-07-19T21:26:07","modified_gmt":"2020-07-19T20:26:07","slug":"da-to-sam-ja-sanda-masic","status":"publish","type":"post","link":"https:\/\/www.podunavlje.info\/dir\/2020\/07\/19\/da-to-sam-ja-sanda-masic\/","title":{"rendered":"Da, to sam ja \u2013 Sanda Ma\u0161i\u0107"},"content":{"rendered":"<p><img fetchpriority=\"high\" decoding=\"async\" class=\"aligncenter size-full wp-image-49139\" src=\"http:\/\/www.podunavlje.info\/dir\/wp-content\/uploads\/2020\/07\/sanda-2.jpg\" alt=\"\" width=\"800\" height=\"435\" srcset=\"https:\/\/www.podunavlje.info\/dir\/wp-content\/uploads\/2020\/07\/sanda-2.jpg 800w, https:\/\/www.podunavlje.info\/dir\/wp-content\/uploads\/2020\/07\/sanda-2-768x418.jpg 768w\" sizes=\"(max-width: 800px) 100vw, 800px\" \/><\/p>\n<p>SMEDEREVO, 18. jul 2020 &#8211; Sanda Ma\u0161i\u0107 je u Smederevu zavr\u0161ila Osnovnu i Srednju muzi\u010dku \u0161kolu \u201eKosta Manojlovi\u0107, u klasi profesorke Daniele Milo\u0161evi\u0107, osnovne i master akademske studije na Fakultetu muzi\u010dke umetnosti u Beogradu, u klasi profesora Miomira Simonovi\u0107a. Nakon zavr\u0161enih master, upisala je na FMU doktorske studije, zaposlila se u \u0161koli i\u2026 Tu, kako sama ka\u017ee \u2013 neplanirano, po\u010dinje njena ameri\u010dka pri\u010da. U Milvokiju, Univerzitet u Viskonsinu, dobija mesto asistenta \u00a0u nastavi, slede\u0107a stanica je Nebraska, gde \u0107e zavr\u0161iti doktorske studije, a posle \u2013 ko zna.<\/p>\n<p><em><img decoding=\"async\" class=\" wp-image-49140 alignright\" src=\"http:\/\/www.podunavlje.info\/dir\/wp-content\/uploads\/2020\/07\/sanda-6.jpg\" alt=\"\" width=\"406\" height=\"367\" \/><strong>Moj put od \u201eKoste Manojlovi\u0107a\u201d do Milvokija bio je ispunjen isklju\u010divo muzikom u koju sam ulagala najve\u0107i deo svog slobodnog vremena. Od kad sam na koncertu klasi\u010dne gitare, sa svojih devet godina, kao go\u0161\u0107u na samo nekoliko minuta videla jednu devoj\u010dicu koja je svirala flautu, znala sam da \u0107e flauta postati moj \u017eivot i ostati zauvek sa mnom, ali nisam mogla ni da naslutim da \u0107emo zajedno putovati od ,,Koste Manojlovi\u0107a\u201d preko Fakulteta muzi\u010dke umetnosti, sa usputnim zadr\u017eavanjima na evropskim orkestarskim turnejama i majstorskim kursevima flaute, i sti\u0107i \u010dak do Amerike.<\/strong><\/em> <em><strong>Kada sam, odmah nakon zavr\u0161enih master akademskih studija na FMU upisala doktorske studije i zaposlila se u muzi\u010dkoj \u0161koli, osetila sam potrebu da nastavim da se usavr\u0161avam, ne samo u muzi\u010dkom smislu. \u017delela sam da spojim lepo i korisno, da osetim kako je \u017eiveti u zemlji druga\u010dijeg mentaliteta, kako je \u0161kolovati se po nekom drugom sistemu i \u0161ta je ono \u0161to iz tog drugog mentaliteta i obrazovnog sistema mogu da nau\u010dim, da se usavr\u0161im i tako steknem i stru\u010dno ali i \u017eivotno iskustvo. Univerzitet u Viskonsinu Milvoki mi je ponudio sve to, ali uz to i posao asistenta u nastavi odlu\u010dila sam da to prihvatim.<\/strong> <\/em><\/p>\n<p>Koliko ti je lako ili te\u0161ko pala ta promena, ne samo kontinenta nego i na\u010dina \u017eivota, pa i kulturnog modela?<\/p>\n<p><strong><em>Smatram da bilo koja nagla promena u \u017eivotu, bilo da je ona dobra ili lo\u0161a, donesi odre\u0111enu koli\u010dinu \u0161oka. Do svoje osamnaeste godine \u017eivela sam sa roditeljima, a i kada sam se odselila u Beograd,s obzirom na blizinu, mogla sam da do\u0111em u Smederevo kad god sam \u017eelela. Najve\u0107i \u0161ok na po\u010detku za mene je bio to \u0161to sam se nakon \u010detrnaest sati leta na\u0161la sama na drugom kraju sveta znaju\u0107i da ne mogu za vikend da do\u0111em ku\u0107i i u ponedeljak se vratim nazad. Znala sam da \u0107u svoju porodicu vi\u0111ati mnogo re\u0111e nego ikad, ali sam tako\u0111e znala da je to za moje dobro. Taj \u0161ok je posle nekog vremena pre\u0161ao u nostalgiju, na koju sam se vremenom navikla, nau\u010dila s time da \u017eivim, jer znam da je to \u0161to sam u Americi dobro za mene i umetnost koju stvaram.<\/em><\/strong><\/p>\n<p><em><img decoding=\"async\" class=\" wp-image-49141 alignleft\" src=\"http:\/\/www.podunavlje.info\/dir\/wp-content\/uploads\/2020\/07\/sanda-3.jpg\" alt=\"\" width=\"367\" height=\"467\" \/><strong>Na\u010din \u017eivota u Americi svako shvata na svoj na\u010din i sve zavisi od ljudi kojima ste okru\u017eeni. Ja uvek ka\u017eem da imam dve Amerike. Jedna Amerika je ona u kojoj sam kada sam okru\u017eena prijateljima iz Srbije i Balkana i tada se ose\u0107am kao kod svoje ku\u0107e. S obzirom da u \u010cikagu ima mnogo ljudi sa Balkana, ima i srpskih restorana, kafi\u0107a i kulturnih doga\u0111aja lako je zaboraviti da ste u Americi kada ste me\u0111u svojim ljudima, na mestima gde svi govore srpski jezik. Moja druga Amerika je ona u kojoj sam kada se dru\u017eim sa prijateljima koji nisu sa Balkana, ve\u0107 Amerikanci. Tako konstantno sve bolje upoznajem ameri\u010dki mentalitet ali, kakve god razlike imali, i Amerikanci i Balkanci su ljudi, tako da osim druga\u010dije hrane, jezika i nekih internih \u0161ala koje se ne mogu prevesti, ne mogu da ka\u017eem da ose\u0107am neku drasti\u010dnu razliku u mentalitetu.<\/strong><\/em><\/p>\n<p><em><strong>U ove tri godine izde\u0161avale su mi se mnoge lepe stvari, po\u010dev\u0161i od toga da sam dobila posao asistenta. Imala sam priliku da vidim kako je to raditi sa studentima, kako je predavati odraslim ljudima koji su potpuno usmereni na muziku i \u017eele da se time bave. Nedugo nakon \u0161to sam stigla saznala sam da akademski orkestar putuje na turneju u Los An\u0111eles i da \u0107u kao asistent imati priliku da sedim na poziciji prve flaute i izvodim Mendelsonovu petu simfoniju na CODA Konferenciji u jednoj od najpoznatijih svetskih metropola. Zajedni\u010dki, masivni projekti hora i simfonijskog orkestra su tako\u0111e bili neprocenjivo iskustvo za mene, pogotovo kada smo izvodili Betovenovu devetu simfoniju sa skoro 400 ljudi na sceni i prepunoj koncertnoj dvorani, dve no\u0107i za redom, potpuno rasprodatih karata.<\/strong> <\/em><\/p>\n<p><strong><em>Svakako moje najlep\u0161e iskustvo i ne\u0161to \u0161to \u0107u zauvek pamtiti je solo sa simfonijskim orkestrom pro\u0161log februara. Na fakultetu se svake godine organizuje takmi\u010denje za izvo\u0111enje koncerta ili arije kada svi peva\u010di i instrumentalisti imaju priliku da odmere svoja muzi\u010dka ume\u0107a i poku\u0161aju da pobede i kao nagradu izvedu kompoziciju koju su svirali na takmi\u010denju, ali uz pratnju simfonijskog orkestra. Uz mnogo truda i malo sre\u0107e, uspela sam da pobedim u kategoriji 38 izvo\u0111a\u010da razli\u010ditih instrumenata ili peva\u010da i izvedem Rajnekeov Koncert za flautu i orkestar kao solista na koncertu pobednika, \u0161to je za mene bilo neprocenjivo iskustvo i trenutak koji \u0107u pamtiti dok sam \u017eiva.<\/em><\/strong><\/p>\n<p><iframe title=\"C. Reinecke - Concerto for Flute and Orchestra in D major op. 283\" width=\"800\" height=\"450\" src=\"https:\/\/www.youtube.com\/embed\/pL1QApSZ0Ws?start=386&#038;feature=oembed\" frameborder=\"0\" allow=\"accelerometer; autoplay; clipboard-write; encrypted-media; gyroscope; picture-in-picture; web-share\" referrerpolicy=\"strict-origin-when-cross-origin\" allowfullscreen><\/iframe><\/p>\n<p>Sada ide\u0161 ju\u017enije, jugoisto\u010dnije, u Nebrasku. Za Amerikance to nije ni\u0161ta neobi\u010dno, poznati su po svojoj mobilnosti i nevezivanju za mesto, ali mi smo ipak druga sorta. Kako si se pripremila na tu, jo\u0161 jednu promenu?.<\/p>\n<p><em><strong>S obzirom na to da sam u Ameriku doputovala sa druge strane okeana, za mene promena ameri\u010dke dr\u017eave ne predstavlja veliki problem. Ina\u010de sam osoba koja voli da putuje, da upoznaje nove krajeve i ljude, tako da sam veoma uzbu\u0111ena da saznam \u0161ta Nebraska ima da ponudi kao dodatak ovim nezaboravnim godinama koje sam provela u Viskonsinu.<\/strong> <\/em><\/p>\n<p>Uz ovo, jo\u0161 jedno logi\u010dno pitanje: koji su ti planovi, koje su ti ambicije, u Americi, u \u017eivotu\u2026<\/p>\n<p><em><img loading=\"lazy\" decoding=\"async\" class=\" wp-image-49142 alignright\" src=\"http:\/\/www.podunavlje.info\/dir\/wp-content\/uploads\/2020\/07\/sanda-5.jpg\" alt=\"\" width=\"386\" height=\"289\" \/><strong>Ovo je pitanje koje naj\u010de\u0161\u0107e dobijam i ne mogu da ka\u017eem da imam konkretan odgovor na to. \u0160to se ti\u010de mojih ciljeva, planova i ambicija, oni nisu ograni\u010deni na neku odre\u0111enu lokaciju. Nije va\u017eno gde, ali moj glavni cilj je da kroz ceo \u017eivot nastavim da stvaram muziku, a jedini realan cilj koji vidim u bliskoj budu\u0107nosti, u narednih nekoliko godina, jeste da se kvalitetno usavr\u0161avam i da onog trenutka kada steknem diplomu doktora nauka u oblasti umetnosti budem mnogo pametnija i obrazovanija nego \u0161to sam sada.<\/strong><\/em><\/p>\n<p>Planirala si da do\u0111e\u0161 ovog leta, ali te je, kao i sve nas, u mnogo \u010demu, omela korona. Ima\u0161 li napade nostalgije, kao \u0161to se pri\u010da da na\u0161i ljudi imaju?<\/p>\n<p><strong><em>Tako je, moj plan je bio da do\u0111em ku\u0107i ovog leta, u Srbiji provedem tri meseca i vratim se kada mi po\u010dne program u Nebraski. Na\u017ealost, zbog korona virusa svi moji planovi su promenjeni i to veoma uti\u010de na tu nostalgiju, koju se trudim da kanali\u0161em kroz, nekada vi\u0161e\u010dasovne, razgovore sa mojom porodicom i prijateljima. Nostalgija je uvek prisutna i kod mene je nema manje nego pre, ali sam nau\u010dila da \u017eivim sa njom. Koliko god da je u Americi lepo i koliko god da sam zadovoljna svojim trenutnim \u017eivotom ovde, ni\u0161ta se ne mo\u017ee uporediti sa popodnevnom kafom sa ljudima koje volim u jednom od lokalnih smederevskih kafi\u0107a i ne mogu da do\u010dekam da se to ostvari.<\/em><\/strong><\/p>\n<p><iframe title=\"Sanda Ma\u0161i\u0107 - Tamo daleko\" width=\"800\" height=\"450\" src=\"https:\/\/www.youtube.com\/embed\/BS6Ta1ozG7g?feature=oembed\" frameborder=\"0\" allow=\"accelerometer; autoplay; clipboard-write; encrypted-media; gyroscope; picture-in-picture; web-share\" referrerpolicy=\"strict-origin-when-cross-origin\" allowfullscreen><\/iframe><\/p>\n<p><strong><em>Projekat \u201eDa, to sam ja \u2013 promocija uspeha dece i mladih u Smederevu\u201c sufinansiran je iz bud\u017eeta Grada Smedereva, a stavovi izneti u podr\u017eanom medijskom projektu nu\u017eno ne izra\u017eavaju stavove organa koji je dodelio sredstva.<\/em><\/strong><\/p>\n","protected":false},"excerpt":{"rendered":"<p>SMEDEREVO, 18. jul 2020 &#8211; Sanda Ma\u0161i\u0107 je u Smederevu zavr\u0161ila Osnovnu i Srednju muzi\u010dku \u0161kolu \u201eKosta Manojlovi\u0107, u klasi profesorke Daniele Milo\u0161evi\u0107, osnovne i master akademske studije na Fakultetu muzi\u010dke umetnosti u Beogradu, u klasi profesora Miomira Simonovi\u0107a. Nakon zavr\u0161enih master, upisala je na FMU doktorske studije, zaposlila se u \u0161koli i\u2026 Tu, kako [&hellip;]<\/p>\n","protected":false},"author":5,"featured_media":49145,"comment_status":"open","ping_status":"closed","sticky":false,"template":"","format":"standard","meta":{"footnotes":""},"categories":[10824,7222,7221,75],"tags":[11999,12000,9590,12001,11997,11998],"class_list":["post-49138","post","type-post","status-publish","format-standard","has-post-thumbnail","hentry","category-da-to-sam-ja","category-najnovije","category-projekti","category-smederevo","tag-fakultet-muzicke-umetnosti","tag-milvoki","tag-muzicka-skola-kosta-manojlovic-3","tag-nebraska","tag-sanda-masic","tag-viskonsin"],"yoast_head":"<!-- This site is optimized with the Yoast SEO plugin v28.4 - https:\/\/yoast.com\/product\/yoast-seo-wordpress\/ -->\n<title>Da, to sam ja \u2013 Sanda Ma\u0161i\u0107 -<\/title>\n<meta name=\"robots\" content=\"index, follow, max-snippet:-1, max-image-preview:large, max-video-preview:-1\" \/>\n<link rel=\"canonical\" href=\"https:\/\/www.podunavlje.info\/dir\/2020\/07\/19\/da-to-sam-ja-sanda-masic\/\" \/>\n<meta property=\"og:locale\" content=\"sr_RS\" \/>\n<meta property=\"og:type\" content=\"article\" \/>\n<meta property=\"og:title\" content=\"Da, to sam ja \u2013 Sanda Ma\u0161i\u0107 -\" \/>\n<meta property=\"og:description\" content=\"SMEDEREVO, 18. jul 2020 &#8211; Sanda Ma\u0161i\u0107 je u Smederevu zavr\u0161ila Osnovnu i Srednju muzi\u010dku \u0161kolu \u201eKosta Manojlovi\u0107, u klasi profesorke Daniele Milo\u0161evi\u0107, osnovne i master akademske studije na Fakultetu muzi\u010dke umetnosti u Beogradu, u klasi profesora Miomira Simonovi\u0107a. Nakon zavr\u0161enih master, upisala je na FMU doktorske studije, zaposlila se u \u0161koli i\u2026 Tu, kako [&hellip;]\" \/>\n<meta property=\"og:url\" content=\"https:\/\/www.podunavlje.info\/dir\/2020\/07\/19\/da-to-sam-ja-sanda-masic\/\" \/>\n<meta property=\"article:publisher\" content=\"https:\/\/www.facebook.com\/podunavlje.info\/\" \/>\n<meta property=\"article:published_time\" content=\"2020-07-19T20:22:20+00:00\" \/>\n<meta property=\"article:modified_time\" content=\"2020-07-19T20:26:07+00:00\" \/>\n<meta property=\"og:image\" content=\"https:\/\/i1.wp.com\/www.podunavlje.info\/dir\/wp-content\/uploads\/2020\/07\/sanda-1.jpg?fit=840%2C480&ssl=1\" \/>\n\t<meta property=\"og:image:width\" content=\"840\" \/>\n\t<meta property=\"og:image:height\" content=\"480\" \/>\n\t<meta property=\"og:image:type\" content=\"image\/jpeg\" \/>\n<meta name=\"author\" content=\"Redakcija\" \/>\n<meta name=\"twitter:card\" content=\"summary_large_image\" \/>\n<meta name=\"twitter:creator\" content=\"@PodunavljeInfo\" \/>\n<meta name=\"twitter:site\" content=\"@PodunavljeInfo\" \/>\n<meta name=\"twitter:label1\" content=\"Napisano od\" \/>\n\t<meta name=\"twitter:data1\" content=\"Redakcija\" \/>\n\t<meta name=\"twitter:label2\" content=\"Procenjeno vreme \u010ditanja\" \/>\n\t<meta name=\"twitter:data2\" content=\"7 minuta\" \/>\n<script type=\"application\/ld+json\" class=\"yoast-schema-graph\">{\"@context\":\"https:\\\/\\\/schema.org\",\"@graph\":[{\"@type\":\"Article\",\"@id\":\"https:\\\/\\\/www.podunavlje.info\\\/dir\\\/2020\\\/07\\\/19\\\/da-to-sam-ja-sanda-masic\\\/#article\",\"isPartOf\":{\"@id\":\"https:\\\/\\\/www.podunavlje.info\\\/dir\\\/2020\\\/07\\\/19\\\/da-to-sam-ja-sanda-masic\\\/\"},\"author\":{\"name\":\"Redakcija\",\"@id\":\"https:\\\/\\\/www.podunavlje.info\\\/dir\\\/#\\\/schema\\\/person\\\/454a0d6f0754c295c90a7b1c0e03bd30\"},\"headline\":\"Da, to sam ja \u2013 Sanda Ma\u0161i\u0107\",\"datePublished\":\"2020-07-19T20:22:20+00:00\",\"dateModified\":\"2020-07-19T20:26:07+00:00\",\"mainEntityOfPage\":{\"@id\":\"https:\\\/\\\/www.podunavlje.info\\\/dir\\\/2020\\\/07\\\/19\\\/da-to-sam-ja-sanda-masic\\\/\"},\"wordCount\":1355,\"commentCount\":0,\"image\":{\"@id\":\"https:\\\/\\\/www.podunavlje.info\\\/dir\\\/2020\\\/07\\\/19\\\/da-to-sam-ja-sanda-masic\\\/#primaryimage\"},\"thumbnailUrl\":\"https:\\\/\\\/www.podunavlje.info\\\/dir\\\/wp-content\\\/uploads\\\/2020\\\/07\\\/sanda-1.jpg\",\"keywords\":[\"Fakultet muzi\u010dke umetnosti\",\"Milvoki\",\"Muzi\u010dka \u0161kola \\\"Kosta Manojlovi\u0107\\\"\",\"Nebraska\",\"Sanda Ma\u0161i\u0107\",\"Viskonsin\"],\"articleSection\":[\"DA, TO SAM JA\",\"NAJNOVIJE\",\"PROJEKTI\",\"Smederevo\"],\"inLanguage\":\"sr-RS\",\"potentialAction\":[{\"@type\":\"CommentAction\",\"name\":\"Comment\",\"target\":[\"https:\\\/\\\/www.podunavlje.info\\\/dir\\\/2020\\\/07\\\/19\\\/da-to-sam-ja-sanda-masic\\\/#respond\"]}]},{\"@type\":\"WebPage\",\"@id\":\"https:\\\/\\\/www.podunavlje.info\\\/dir\\\/2020\\\/07\\\/19\\\/da-to-sam-ja-sanda-masic\\\/\",\"url\":\"https:\\\/\\\/www.podunavlje.info\\\/dir\\\/2020\\\/07\\\/19\\\/da-to-sam-ja-sanda-masic\\\/\",\"name\":\"Da, to sam ja \u2013 Sanda Ma\u0161i\u0107 -\",\"isPartOf\":{\"@id\":\"https:\\\/\\\/www.podunavlje.info\\\/dir\\\/#website\"},\"primaryImageOfPage\":{\"@id\":\"https:\\\/\\\/www.podunavlje.info\\\/dir\\\/2020\\\/07\\\/19\\\/da-to-sam-ja-sanda-masic\\\/#primaryimage\"},\"image\":{\"@id\":\"https:\\\/\\\/www.podunavlje.info\\\/dir\\\/2020\\\/07\\\/19\\\/da-to-sam-ja-sanda-masic\\\/#primaryimage\"},\"thumbnailUrl\":\"https:\\\/\\\/www.podunavlje.info\\\/dir\\\/wp-content\\\/uploads\\\/2020\\\/07\\\/sanda-1.jpg\",\"datePublished\":\"2020-07-19T20:22:20+00:00\",\"dateModified\":\"2020-07-19T20:26:07+00:00\",\"author\":{\"@id\":\"https:\\\/\\\/www.podunavlje.info\\\/dir\\\/#\\\/schema\\\/person\\\/454a0d6f0754c295c90a7b1c0e03bd30\"},\"breadcrumb\":{\"@id\":\"https:\\\/\\\/www.podunavlje.info\\\/dir\\\/2020\\\/07\\\/19\\\/da-to-sam-ja-sanda-masic\\\/#breadcrumb\"},\"inLanguage\":\"sr-RS\",\"potentialAction\":[{\"@type\":\"ReadAction\",\"target\":[\"https:\\\/\\\/www.podunavlje.info\\\/dir\\\/2020\\\/07\\\/19\\\/da-to-sam-ja-sanda-masic\\\/\"]}]},{\"@type\":\"ImageObject\",\"inLanguage\":\"sr-RS\",\"@id\":\"https:\\\/\\\/www.podunavlje.info\\\/dir\\\/2020\\\/07\\\/19\\\/da-to-sam-ja-sanda-masic\\\/#primaryimage\",\"url\":\"https:\\\/\\\/www.podunavlje.info\\\/dir\\\/wp-content\\\/uploads\\\/2020\\\/07\\\/sanda-1.jpg\",\"contentUrl\":\"https:\\\/\\\/www.podunavlje.info\\\/dir\\\/wp-content\\\/uploads\\\/2020\\\/07\\\/sanda-1.jpg\",\"width\":840,\"height\":480},{\"@type\":\"BreadcrumbList\",\"@id\":\"https:\\\/\\\/www.podunavlje.info\\\/dir\\\/2020\\\/07\\\/19\\\/da-to-sam-ja-sanda-masic\\\/#breadcrumb\",\"itemListElement\":[{\"@type\":\"ListItem\",\"position\":1,\"name\":\"Home\",\"item\":\"https:\\\/\\\/www.podunavlje.info\\\/dir\\\/\"},{\"@type\":\"ListItem\",\"position\":2,\"name\":\"Da, to sam ja \u2013 Sanda Ma\u0161i\u0107\"}]},{\"@type\":\"WebSite\",\"@id\":\"https:\\\/\\\/www.podunavlje.info\\\/dir\\\/#website\",\"url\":\"https:\\\/\\\/www.podunavlje.info\\\/dir\\\/\",\"name\":\"\",\"description\":\"\",\"potentialAction\":[{\"@type\":\"SearchAction\",\"target\":{\"@type\":\"EntryPoint\",\"urlTemplate\":\"https:\\\/\\\/www.podunavlje.info\\\/dir\\\/?s={search_term_string}\"},\"query-input\":{\"@type\":\"PropertyValueSpecification\",\"valueRequired\":true,\"valueName\":\"search_term_string\"}}],\"inLanguage\":\"sr-RS\"},{\"@type\":\"Person\",\"@id\":\"https:\\\/\\\/www.podunavlje.info\\\/dir\\\/#\\\/schema\\\/person\\\/454a0d6f0754c295c90a7b1c0e03bd30\",\"name\":\"Redakcija\",\"sameAs\":[\"http:\\\/\\\/podunavlje.info\"],\"url\":\"https:\\\/\\\/www.podunavlje.info\\\/dir\\\/author\\\/redakcija\\\/\"}]}<\/script>\n<!-- \/ Yoast SEO plugin. -->","yoast_head_json":{"title":"Da, to sam ja \u2013 Sanda Ma\u0161i\u0107 -","robots":{"index":"index","follow":"follow","max-snippet":"max-snippet:-1","max-image-preview":"max-image-preview:large","max-video-preview":"max-video-preview:-1"},"canonical":"https:\/\/www.podunavlje.info\/dir\/2020\/07\/19\/da-to-sam-ja-sanda-masic\/","og_locale":"sr_RS","og_type":"article","og_title":"Da, to sam ja \u2013 Sanda Ma\u0161i\u0107 -","og_description":"SMEDEREVO, 18. jul 2020 &#8211; Sanda Ma\u0161i\u0107 je u Smederevu zavr\u0161ila Osnovnu i Srednju muzi\u010dku \u0161kolu \u201eKosta Manojlovi\u0107, u klasi profesorke Daniele Milo\u0161evi\u0107, osnovne i master akademske studije na Fakultetu muzi\u010dke umetnosti u Beogradu, u klasi profesora Miomira Simonovi\u0107a. Nakon zavr\u0161enih master, upisala je na FMU doktorske studije, zaposlila se u \u0161koli i\u2026 Tu, kako [&hellip;]","og_url":"https:\/\/www.podunavlje.info\/dir\/2020\/07\/19\/da-to-sam-ja-sanda-masic\/","article_publisher":"https:\/\/www.facebook.com\/podunavlje.info\/","article_published_time":"2020-07-19T20:22:20+00:00","article_modified_time":"2020-07-19T20:26:07+00:00","og_image":[{"width":840,"height":480,"url":"https:\/\/i1.wp.com\/www.podunavlje.info\/dir\/wp-content\/uploads\/2020\/07\/sanda-1.jpg?fit=840%2C480&ssl=1","type":"image\/jpeg"}],"author":"Redakcija","twitter_card":"summary_large_image","twitter_creator":"@PodunavljeInfo","twitter_site":"@PodunavljeInfo","twitter_misc":{"Napisano od":"Redakcija","Procenjeno vreme \u010ditanja":"7 minuta"},"schema":{"@context":"https:\/\/schema.org","@graph":[{"@type":"Article","@id":"https:\/\/www.podunavlje.info\/dir\/2020\/07\/19\/da-to-sam-ja-sanda-masic\/#article","isPartOf":{"@id":"https:\/\/www.podunavlje.info\/dir\/2020\/07\/19\/da-to-sam-ja-sanda-masic\/"},"author":{"name":"Redakcija","@id":"https:\/\/www.podunavlje.info\/dir\/#\/schema\/person\/454a0d6f0754c295c90a7b1c0e03bd30"},"headline":"Da, to sam ja \u2013 Sanda Ma\u0161i\u0107","datePublished":"2020-07-19T20:22:20+00:00","dateModified":"2020-07-19T20:26:07+00:00","mainEntityOfPage":{"@id":"https:\/\/www.podunavlje.info\/dir\/2020\/07\/19\/da-to-sam-ja-sanda-masic\/"},"wordCount":1355,"commentCount":0,"image":{"@id":"https:\/\/www.podunavlje.info\/dir\/2020\/07\/19\/da-to-sam-ja-sanda-masic\/#primaryimage"},"thumbnailUrl":"https:\/\/www.podunavlje.info\/dir\/wp-content\/uploads\/2020\/07\/sanda-1.jpg","keywords":["Fakultet muzi\u010dke umetnosti","Milvoki","Muzi\u010dka \u0161kola \"Kosta Manojlovi\u0107\"","Nebraska","Sanda Ma\u0161i\u0107","Viskonsin"],"articleSection":["DA, TO SAM JA","NAJNOVIJE","PROJEKTI","Smederevo"],"inLanguage":"sr-RS","potentialAction":[{"@type":"CommentAction","name":"Comment","target":["https:\/\/www.podunavlje.info\/dir\/2020\/07\/19\/da-to-sam-ja-sanda-masic\/#respond"]}]},{"@type":"WebPage","@id":"https:\/\/www.podunavlje.info\/dir\/2020\/07\/19\/da-to-sam-ja-sanda-masic\/","url":"https:\/\/www.podunavlje.info\/dir\/2020\/07\/19\/da-to-sam-ja-sanda-masic\/","name":"Da, to sam ja \u2013 Sanda Ma\u0161i\u0107 -","isPartOf":{"@id":"https:\/\/www.podunavlje.info\/dir\/#website"},"primaryImageOfPage":{"@id":"https:\/\/www.podunavlje.info\/dir\/2020\/07\/19\/da-to-sam-ja-sanda-masic\/#primaryimage"},"image":{"@id":"https:\/\/www.podunavlje.info\/dir\/2020\/07\/19\/da-to-sam-ja-sanda-masic\/#primaryimage"},"thumbnailUrl":"https:\/\/www.podunavlje.info\/dir\/wp-content\/uploads\/2020\/07\/sanda-1.jpg","datePublished":"2020-07-19T20:22:20+00:00","dateModified":"2020-07-19T20:26:07+00:00","author":{"@id":"https:\/\/www.podunavlje.info\/dir\/#\/schema\/person\/454a0d6f0754c295c90a7b1c0e03bd30"},"breadcrumb":{"@id":"https:\/\/www.podunavlje.info\/dir\/2020\/07\/19\/da-to-sam-ja-sanda-masic\/#breadcrumb"},"inLanguage":"sr-RS","potentialAction":[{"@type":"ReadAction","target":["https:\/\/www.podunavlje.info\/dir\/2020\/07\/19\/da-to-sam-ja-sanda-masic\/"]}]},{"@type":"ImageObject","inLanguage":"sr-RS","@id":"https:\/\/www.podunavlje.info\/dir\/2020\/07\/19\/da-to-sam-ja-sanda-masic\/#primaryimage","url":"https:\/\/www.podunavlje.info\/dir\/wp-content\/uploads\/2020\/07\/sanda-1.jpg","contentUrl":"https:\/\/www.podunavlje.info\/dir\/wp-content\/uploads\/2020\/07\/sanda-1.jpg","width":840,"height":480},{"@type":"BreadcrumbList","@id":"https:\/\/www.podunavlje.info\/dir\/2020\/07\/19\/da-to-sam-ja-sanda-masic\/#breadcrumb","itemListElement":[{"@type":"ListItem","position":1,"name":"Home","item":"https:\/\/www.podunavlje.info\/dir\/"},{"@type":"ListItem","position":2,"name":"Da, to sam ja \u2013 Sanda Ma\u0161i\u0107"}]},{"@type":"WebSite","@id":"https:\/\/www.podunavlje.info\/dir\/#website","url":"https:\/\/www.podunavlje.info\/dir\/","name":"","description":"","potentialAction":[{"@type":"SearchAction","target":{"@type":"EntryPoint","urlTemplate":"https:\/\/www.podunavlje.info\/dir\/?s={search_term_string}"},"query-input":{"@type":"PropertyValueSpecification","valueRequired":true,"valueName":"search_term_string"}}],"inLanguage":"sr-RS"},{"@type":"Person","@id":"https:\/\/www.podunavlje.info\/dir\/#\/schema\/person\/454a0d6f0754c295c90a7b1c0e03bd30","name":"Redakcija","sameAs":["http:\/\/podunavlje.info"],"url":"https:\/\/www.podunavlje.info\/dir\/author\/redakcija\/"}]}},"_links":{"self":[{"href":"https:\/\/www.podunavlje.info\/dir\/wp-json\/wp\/v2\/posts\/49138","targetHints":{"allow":["GET"]}}],"collection":[{"href":"https:\/\/www.podunavlje.info\/dir\/wp-json\/wp\/v2\/posts"}],"about":[{"href":"https:\/\/www.podunavlje.info\/dir\/wp-json\/wp\/v2\/types\/post"}],"author":[{"embeddable":true,"href":"https:\/\/www.podunavlje.info\/dir\/wp-json\/wp\/v2\/users\/5"}],"replies":[{"embeddable":true,"href":"https:\/\/www.podunavlje.info\/dir\/wp-json\/wp\/v2\/comments?post=49138"}],"version-history":[{"count":4,"href":"https:\/\/www.podunavlje.info\/dir\/wp-json\/wp\/v2\/posts\/49138\/revisions"}],"predecessor-version":[{"id":49148,"href":"https:\/\/www.podunavlje.info\/dir\/wp-json\/wp\/v2\/posts\/49138\/revisions\/49148"}],"wp:featuredmedia":[{"embeddable":true,"href":"https:\/\/www.podunavlje.info\/dir\/wp-json\/wp\/v2\/media\/49145"}],"wp:attachment":[{"href":"https:\/\/www.podunavlje.info\/dir\/wp-json\/wp\/v2\/media?parent=49138"}],"wp:term":[{"taxonomy":"category","embeddable":true,"href":"https:\/\/www.podunavlje.info\/dir\/wp-json\/wp\/v2\/categories?post=49138"},{"taxonomy":"post_tag","embeddable":true,"href":"https:\/\/www.podunavlje.info\/dir\/wp-json\/wp\/v2\/tags?post=49138"}],"curies":[{"name":"wp","href":"https:\/\/api.w.org\/{rel}","templated":true}]}}