{"id":124023,"date":"2026-09-03T11:59:24","date_gmt":"2026-09-03T10:59:24","guid":{"rendered":"https:\/\/www.podunavlje.info\/dir\/?p=124023"},"modified":"2026-09-03T12:01:21","modified_gmt":"2026-09-03T11:01:21","slug":"od-petka-do-kraja-meseca-obustava-saobracaja-od-mosta-u-ralji-nadalje","status":"publish","type":"post","link":"https:\/\/www.podunavlje.info\/dir\/2026\/09\/03\/od-petka-do-kraja-meseca-obustava-saobracaja-od-mosta-u-ralji-nadalje\/","title":{"rendered":"Od petka do kraja meseca obustava saobra\u0107aja od mosta u Ralji nadalje"},"content":{"rendered":"<p>3. \u00a0septembar 2026 &#8211; Od sutra, od 4. septembra pa do 30. septembra, zbog radova na zameni kolovoze konstrukcije na \u00a0deonici puta Kovin &#8211; Ralja, od mosta preko reke Ralja do ukr\u0161tanja sa dr\u017eavnim putem II A reda broj 156, do\u0107i do obustave saobra\u0107aja, saop\u0161teno je iz Javnog preduze\u0107a putevi Srbije.<\/p>\n<p>Dok traju radovi alternativni putni pravac je:<br \/>\n&#8211; iz pravca Smedereva saobra\u0107aj se preusmerava na dr\u017eavni put II A reda broj 153 do petlje Smederevo, pa dalje auto-putem I A reda broj 1 do petlje Po\u017earevac, a zatim dr\u017eavnim putem I M reda broj 7 u smeru ka Po\u017earevcu;<br \/>\n&#8211; iz pravca Po\u017earevca: dr\u017eavnim putem I M reda broj 7 u smeru ka Po\u017earevcu, do petlje Po\u017earevac auto-putem I A reda broj 1, do petlje Smederevo a zatim na dr\u017eavni put II A reda broj 153.<\/p>\n<p><img fetchpriority=\"high\" decoding=\"async\" class=\"alignnone size-full wp-image-124025\" src=\"https:\/\/www.podunavlje.info\/dir\/wp-content\/uploads\/2026\/09\/mapa-radova.webp\" alt=\"\" width=\"900\" height=\"1307\" srcset=\"https:\/\/www.podunavlje.info\/dir\/wp-content\/uploads\/2026\/09\/mapa-radova.webp 900w, https:\/\/www.podunavlje.info\/dir\/wp-content\/uploads\/2026\/09\/mapa-radova-193x280.webp 193w, https:\/\/www.podunavlje.info\/dir\/wp-content\/uploads\/2026\/09\/mapa-radova-768x1115.webp 768w, https:\/\/www.podunavlje.info\/dir\/wp-content\/uploads\/2026\/09\/mapa-radova-448x650.webp 448w, https:\/\/www.podunavlje.info\/dir\/wp-content\/uploads\/2026\/09\/mapa-radova-650x944.webp 650w, https:\/\/www.podunavlje.info\/dir\/wp-content\/uploads\/2026\/09\/mapa-radova-895x1300.webp 895w\" sizes=\"(max-width: 900px) 100vw, 900px\" \/><\/p>\n","protected":false},"excerpt":{"rendered":"<p>3. \u00a0septembar 2026 &#8211; Od sutra, od 4. septembra pa do 30. septembra, zbog radova na zameni kolovoze konstrukcije na \u00a0deonici puta Kovin &#8211; Ralja, od mosta preko reke Ralja do ukr\u0161tanja sa dr\u017eavnim putem II A reda broj 156, do\u0107i do obustave saobra\u0107aja, saop\u0161teno je iz Javnog preduze\u0107a putevi Srbije. Dok traju radovi alternativni [&hellip;]<\/p>\n","protected":false},"author":5,"featured_media":124026,"comment_status":"open","ping_status":"closed","sticky":false,"template":"","format":"standard","meta":{"footnotes":""},"categories":[43],"tags":[9059,8442,897],"class_list":["post-124023","post","type-post","status-publish","format-standard","has-post-thumbnail","hentry","category-drustvo","tag-obustava-saobracaja","tag-radovi","tag-ralja"],"yoast_head":"<!-- This site is optimized with the Yoast SEO plugin v28.4 - https:\/\/yoast.com\/product\/yoast-seo-wordpress\/ -->\n<title>Od petka do kraja meseca obustava saobra\u0107aja od mosta u Ralji nadalje -<\/title>\n<meta name=\"robots\" content=\"index, follow, max-snippet:-1, max-image-preview:large, max-video-preview:-1\" \/>\n<link rel=\"canonical\" href=\"https:\/\/www.podunavlje.info\/dir\/2026\/09\/03\/od-petka-do-kraja-meseca-obustava-saobracaja-od-mosta-u-ralji-nadalje\/\" \/>\n<meta property=\"og:locale\" content=\"sr_RS\" \/>\n<meta property=\"og:type\" content=\"article\" \/>\n<meta property=\"og:title\" content=\"Od petka do kraja meseca obustava saobra\u0107aja od mosta u Ralji nadalje -\" \/>\n<meta property=\"og:description\" content=\"3. \u00a0septembar 2026 &#8211; Od sutra, od 4. septembra pa do 30. septembra, zbog radova na zameni kolovoze konstrukcije na \u00a0deonici puta Kovin &#8211; Ralja, od mosta preko reke Ralja do ukr\u0161tanja sa dr\u017eavnim putem II A reda broj 156, do\u0107i do obustave saobra\u0107aja, saop\u0161teno je iz Javnog preduze\u0107a putevi Srbije. Dok traju radovi alternativni [&hellip;]\" \/>\n<meta property=\"og:url\" content=\"https:\/\/www.podunavlje.info\/dir\/2026\/09\/03\/od-petka-do-kraja-meseca-obustava-saobracaja-od-mosta-u-ralji-nadalje\/\" \/>\n<meta property=\"article:publisher\" content=\"https:\/\/www.facebook.com\/podunavlje.info\/\" \/>\n<meta property=\"article:published_time\" content=\"2026-09-03T10:59:24+00:00\" \/>\n<meta property=\"article:modified_time\" content=\"2026-09-03T11:01:21+00:00\" \/>\n<meta property=\"og:image\" content=\"https:\/\/www.podunavlje.info\/dir\/wp-content\/uploads\/2026\/09\/OBUSTAVA-SAOBRACAJA.webp\" \/>\n\t<meta property=\"og:image:width\" content=\"840\" \/>\n\t<meta property=\"og:image:height\" content=\"480\" \/>\n\t<meta property=\"og:image:type\" content=\"image\/webp\" \/>\n<meta name=\"author\" content=\"Redakcija\" \/>\n<meta name=\"twitter:card\" content=\"summary_large_image\" \/>\n<meta name=\"twitter:creator\" content=\"@PodunavljeInfo\" \/>\n<meta name=\"twitter:site\" content=\"@PodunavljeInfo\" \/>\n<meta name=\"twitter:label1\" content=\"Napisano od\" \/>\n\t<meta name=\"twitter:data1\" content=\"Redakcija\" \/>\n\t<meta name=\"twitter:label2\" content=\"Procenjeno vreme \u010ditanja\" \/>\n\t<meta name=\"twitter:data2\" content=\"2 minuta\" \/>\n<script type=\"application\/ld+json\" class=\"yoast-schema-graph\">{\"@context\":\"https:\\\/\\\/schema.org\",\"@graph\":[{\"@type\":\"Article\",\"@id\":\"https:\\\/\\\/www.podunavlje.info\\\/dir\\\/2026\\\/09\\\/03\\\/od-petka-do-kraja-meseca-obustava-saobracaja-od-mosta-u-ralji-nadalje\\\/#article\",\"isPartOf\":{\"@id\":\"https:\\\/\\\/www.podunavlje.info\\\/dir\\\/2026\\\/09\\\/03\\\/od-petka-do-kraja-meseca-obustava-saobracaja-od-mosta-u-ralji-nadalje\\\/\"},\"author\":{\"name\":\"Redakcija\",\"@id\":\"https:\\\/\\\/www.podunavlje.info\\\/dir\\\/#\\\/schema\\\/person\\\/454a0d6f0754c295c90a7b1c0e03bd30\"},\"headline\":\"Od petka do kraja meseca obustava saobra\u0107aja od mosta u Ralji nadalje\",\"datePublished\":\"2026-09-03T10:59:24+00:00\",\"dateModified\":\"2026-09-03T11:01:21+00:00\",\"mainEntityOfPage\":{\"@id\":\"https:\\\/\\\/www.podunavlje.info\\\/dir\\\/2026\\\/09\\\/03\\\/od-petka-do-kraja-meseca-obustava-saobracaja-od-mosta-u-ralji-nadalje\\\/\"},\"wordCount\":155,\"commentCount\":0,\"image\":{\"@id\":\"https:\\\/\\\/www.podunavlje.info\\\/dir\\\/2026\\\/09\\\/03\\\/od-petka-do-kraja-meseca-obustava-saobracaja-od-mosta-u-ralji-nadalje\\\/#primaryimage\"},\"thumbnailUrl\":\"https:\\\/\\\/www.podunavlje.info\\\/dir\\\/wp-content\\\/uploads\\\/2026\\\/09\\\/OBUSTAVA-SAOBRACAJA.webp\",\"keywords\":[\"Obustava saobra\u0107aja\",\"Radovi\",\"Ralja\"],\"articleSection\":[\"DRU\u0160TVO\"],\"inLanguage\":\"sr-RS\",\"potentialAction\":[{\"@type\":\"CommentAction\",\"name\":\"Comment\",\"target\":[\"https:\\\/\\\/www.podunavlje.info\\\/dir\\\/2026\\\/09\\\/03\\\/od-petka-do-kraja-meseca-obustava-saobracaja-od-mosta-u-ralji-nadalje\\\/#respond\"]}]},{\"@type\":\"WebPage\",\"@id\":\"https:\\\/\\\/www.podunavlje.info\\\/dir\\\/2026\\\/09\\\/03\\\/od-petka-do-kraja-meseca-obustava-saobracaja-od-mosta-u-ralji-nadalje\\\/\",\"url\":\"https:\\\/\\\/www.podunavlje.info\\\/dir\\\/2026\\\/09\\\/03\\\/od-petka-do-kraja-meseca-obustava-saobracaja-od-mosta-u-ralji-nadalje\\\/\",\"name\":\"Od petka do kraja meseca obustava saobra\u0107aja od mosta u Ralji nadalje -\",\"isPartOf\":{\"@id\":\"https:\\\/\\\/www.podunavlje.info\\\/dir\\\/#website\"},\"primaryImageOfPage\":{\"@id\":\"https:\\\/\\\/www.podunavlje.info\\\/dir\\\/2026\\\/09\\\/03\\\/od-petka-do-kraja-meseca-obustava-saobracaja-od-mosta-u-ralji-nadalje\\\/#primaryimage\"},\"image\":{\"@id\":\"https:\\\/\\\/www.podunavlje.info\\\/dir\\\/2026\\\/09\\\/03\\\/od-petka-do-kraja-meseca-obustava-saobracaja-od-mosta-u-ralji-nadalje\\\/#primaryimage\"},\"thumbnailUrl\":\"https:\\\/\\\/www.podunavlje.info\\\/dir\\\/wp-content\\\/uploads\\\/2026\\\/09\\\/OBUSTAVA-SAOBRACAJA.webp\",\"datePublished\":\"2026-09-03T10:59:24+00:00\",\"dateModified\":\"2026-09-03T11:01:21+00:00\",\"author\":{\"@id\":\"https:\\\/\\\/www.podunavlje.info\\\/dir\\\/#\\\/schema\\\/person\\\/454a0d6f0754c295c90a7b1c0e03bd30\"},\"breadcrumb\":{\"@id\":\"https:\\\/\\\/www.podunavlje.info\\\/dir\\\/2026\\\/09\\\/03\\\/od-petka-do-kraja-meseca-obustava-saobracaja-od-mosta-u-ralji-nadalje\\\/#breadcrumb\"},\"inLanguage\":\"sr-RS\",\"potentialAction\":[{\"@type\":\"ReadAction\",\"target\":[\"https:\\\/\\\/www.podunavlje.info\\\/dir\\\/2026\\\/09\\\/03\\\/od-petka-do-kraja-meseca-obustava-saobracaja-od-mosta-u-ralji-nadalje\\\/\"]}]},{\"@type\":\"ImageObject\",\"inLanguage\":\"sr-RS\",\"@id\":\"https:\\\/\\\/www.podunavlje.info\\\/dir\\\/2026\\\/09\\\/03\\\/od-petka-do-kraja-meseca-obustava-saobracaja-od-mosta-u-ralji-nadalje\\\/#primaryimage\",\"url\":\"https:\\\/\\\/www.podunavlje.info\\\/dir\\\/wp-content\\\/uploads\\\/2026\\\/09\\\/OBUSTAVA-SAOBRACAJA.webp\",\"contentUrl\":\"https:\\\/\\\/www.podunavlje.info\\\/dir\\\/wp-content\\\/uploads\\\/2026\\\/09\\\/OBUSTAVA-SAOBRACAJA.webp\",\"width\":840,\"height\":480},{\"@type\":\"BreadcrumbList\",\"@id\":\"https:\\\/\\\/www.podunavlje.info\\\/dir\\\/2026\\\/09\\\/03\\\/od-petka-do-kraja-meseca-obustava-saobracaja-od-mosta-u-ralji-nadalje\\\/#breadcrumb\",\"itemListElement\":[{\"@type\":\"ListItem\",\"position\":1,\"name\":\"Home\",\"item\":\"https:\\\/\\\/www.podunavlje.info\\\/dir\\\/\"},{\"@type\":\"ListItem\",\"position\":2,\"name\":\"Od petka do kraja meseca obustava saobra\u0107aja od mosta u Ralji nadalje\"}]},{\"@type\":\"WebSite\",\"@id\":\"https:\\\/\\\/www.podunavlje.info\\\/dir\\\/#website\",\"url\":\"https:\\\/\\\/www.podunavlje.info\\\/dir\\\/\",\"name\":\"\",\"description\":\"\",\"potentialAction\":[{\"@type\":\"SearchAction\",\"target\":{\"@type\":\"EntryPoint\",\"urlTemplate\":\"https:\\\/\\\/www.podunavlje.info\\\/dir\\\/?s={search_term_string}\"},\"query-input\":{\"@type\":\"PropertyValueSpecification\",\"valueRequired\":true,\"valueName\":\"search_term_string\"}}],\"inLanguage\":\"sr-RS\"},{\"@type\":\"Person\",\"@id\":\"https:\\\/\\\/www.podunavlje.info\\\/dir\\\/#\\\/schema\\\/person\\\/454a0d6f0754c295c90a7b1c0e03bd30\",\"name\":\"Redakcija\",\"sameAs\":[\"http:\\\/\\\/podunavlje.info\"],\"url\":\"https:\\\/\\\/www.podunavlje.info\\\/dir\\\/author\\\/redakcija\\\/\"}]}<\/script>\n<!-- \/ Yoast SEO plugin. -->","yoast_head_json":{"title":"Od petka do kraja meseca obustava saobra\u0107aja od mosta u Ralji nadalje -","robots":{"index":"index","follow":"follow","max-snippet":"max-snippet:-1","max-image-preview":"max-image-preview:large","max-video-preview":"max-video-preview:-1"},"canonical":"https:\/\/www.podunavlje.info\/dir\/2026\/09\/03\/od-petka-do-kraja-meseca-obustava-saobracaja-od-mosta-u-ralji-nadalje\/","og_locale":"sr_RS","og_type":"article","og_title":"Od petka do kraja meseca obustava saobra\u0107aja od mosta u Ralji nadalje -","og_description":"3. \u00a0septembar 2026 &#8211; Od sutra, od 4. septembra pa do 30. septembra, zbog radova na zameni kolovoze konstrukcije na \u00a0deonici puta Kovin &#8211; Ralja, od mosta preko reke Ralja do ukr\u0161tanja sa dr\u017eavnim putem II A reda broj 156, do\u0107i do obustave saobra\u0107aja, saop\u0161teno je iz Javnog preduze\u0107a putevi Srbije. Dok traju radovi alternativni [&hellip;]","og_url":"https:\/\/www.podunavlje.info\/dir\/2026\/09\/03\/od-petka-do-kraja-meseca-obustava-saobracaja-od-mosta-u-ralji-nadalje\/","article_publisher":"https:\/\/www.facebook.com\/podunavlje.info\/","article_published_time":"2026-09-03T10:59:24+00:00","article_modified_time":"2026-09-03T11:01:21+00:00","og_image":[{"width":840,"height":480,"url":"https:\/\/www.podunavlje.info\/dir\/wp-content\/uploads\/2026\/09\/OBUSTAVA-SAOBRACAJA.webp","type":"image\/webp"}],"author":"Redakcija","twitter_card":"summary_large_image","twitter_creator":"@PodunavljeInfo","twitter_site":"@PodunavljeInfo","twitter_misc":{"Napisano od":"Redakcija","Procenjeno vreme \u010ditanja":"2 minuta"},"schema":{"@context":"https:\/\/schema.org","@graph":[{"@type":"Article","@id":"https:\/\/www.podunavlje.info\/dir\/2026\/09\/03\/od-petka-do-kraja-meseca-obustava-saobracaja-od-mosta-u-ralji-nadalje\/#article","isPartOf":{"@id":"https:\/\/www.podunavlje.info\/dir\/2026\/09\/03\/od-petka-do-kraja-meseca-obustava-saobracaja-od-mosta-u-ralji-nadalje\/"},"author":{"name":"Redakcija","@id":"https:\/\/www.podunavlje.info\/dir\/#\/schema\/person\/454a0d6f0754c295c90a7b1c0e03bd30"},"headline":"Od petka do kraja meseca obustava saobra\u0107aja od mosta u Ralji nadalje","datePublished":"2026-09-03T10:59:24+00:00","dateModified":"2026-09-03T11:01:21+00:00","mainEntityOfPage":{"@id":"https:\/\/www.podunavlje.info\/dir\/2026\/09\/03\/od-petka-do-kraja-meseca-obustava-saobracaja-od-mosta-u-ralji-nadalje\/"},"wordCount":155,"commentCount":0,"image":{"@id":"https:\/\/www.podunavlje.info\/dir\/2026\/09\/03\/od-petka-do-kraja-meseca-obustava-saobracaja-od-mosta-u-ralji-nadalje\/#primaryimage"},"thumbnailUrl":"https:\/\/www.podunavlje.info\/dir\/wp-content\/uploads\/2026\/09\/OBUSTAVA-SAOBRACAJA.webp","keywords":["Obustava saobra\u0107aja","Radovi","Ralja"],"articleSection":["DRU\u0160TVO"],"inLanguage":"sr-RS","potentialAction":[{"@type":"CommentAction","name":"Comment","target":["https:\/\/www.podunavlje.info\/dir\/2026\/09\/03\/od-petka-do-kraja-meseca-obustava-saobracaja-od-mosta-u-ralji-nadalje\/#respond"]}]},{"@type":"WebPage","@id":"https:\/\/www.podunavlje.info\/dir\/2026\/09\/03\/od-petka-do-kraja-meseca-obustava-saobracaja-od-mosta-u-ralji-nadalje\/","url":"https:\/\/www.podunavlje.info\/dir\/2026\/09\/03\/od-petka-do-kraja-meseca-obustava-saobracaja-od-mosta-u-ralji-nadalje\/","name":"Od petka do kraja meseca obustava saobra\u0107aja od mosta u Ralji nadalje -","isPartOf":{"@id":"https:\/\/www.podunavlje.info\/dir\/#website"},"primaryImageOfPage":{"@id":"https:\/\/www.podunavlje.info\/dir\/2026\/09\/03\/od-petka-do-kraja-meseca-obustava-saobracaja-od-mosta-u-ralji-nadalje\/#primaryimage"},"image":{"@id":"https:\/\/www.podunavlje.info\/dir\/2026\/09\/03\/od-petka-do-kraja-meseca-obustava-saobracaja-od-mosta-u-ralji-nadalje\/#primaryimage"},"thumbnailUrl":"https:\/\/www.podunavlje.info\/dir\/wp-content\/uploads\/2026\/09\/OBUSTAVA-SAOBRACAJA.webp","datePublished":"2026-09-03T10:59:24+00:00","dateModified":"2026-09-03T11:01:21+00:00","author":{"@id":"https:\/\/www.podunavlje.info\/dir\/#\/schema\/person\/454a0d6f0754c295c90a7b1c0e03bd30"},"breadcrumb":{"@id":"https:\/\/www.podunavlje.info\/dir\/2026\/09\/03\/od-petka-do-kraja-meseca-obustava-saobracaja-od-mosta-u-ralji-nadalje\/#breadcrumb"},"inLanguage":"sr-RS","potentialAction":[{"@type":"ReadAction","target":["https:\/\/www.podunavlje.info\/dir\/2026\/09\/03\/od-petka-do-kraja-meseca-obustava-saobracaja-od-mosta-u-ralji-nadalje\/"]}]},{"@type":"ImageObject","inLanguage":"sr-RS","@id":"https:\/\/www.podunavlje.info\/dir\/2026\/09\/03\/od-petka-do-kraja-meseca-obustava-saobracaja-od-mosta-u-ralji-nadalje\/#primaryimage","url":"https:\/\/www.podunavlje.info\/dir\/wp-content\/uploads\/2026\/09\/OBUSTAVA-SAOBRACAJA.webp","contentUrl":"https:\/\/www.podunavlje.info\/dir\/wp-content\/uploads\/2026\/09\/OBUSTAVA-SAOBRACAJA.webp","width":840,"height":480},{"@type":"BreadcrumbList","@id":"https:\/\/www.podunavlje.info\/dir\/2026\/09\/03\/od-petka-do-kraja-meseca-obustava-saobracaja-od-mosta-u-ralji-nadalje\/#breadcrumb","itemListElement":[{"@type":"ListItem","position":1,"name":"Home","item":"https:\/\/www.podunavlje.info\/dir\/"},{"@type":"ListItem","position":2,"name":"Od petka do kraja meseca obustava saobra\u0107aja od mosta u Ralji nadalje"}]},{"@type":"WebSite","@id":"https:\/\/www.podunavlje.info\/dir\/#website","url":"https:\/\/www.podunavlje.info\/dir\/","name":"","description":"","potentialAction":[{"@type":"SearchAction","target":{"@type":"EntryPoint","urlTemplate":"https:\/\/www.podunavlje.info\/dir\/?s={search_term_string}"},"query-input":{"@type":"PropertyValueSpecification","valueRequired":true,"valueName":"search_term_string"}}],"inLanguage":"sr-RS"},{"@type":"Person","@id":"https:\/\/www.podunavlje.info\/dir\/#\/schema\/person\/454a0d6f0754c295c90a7b1c0e03bd30","name":"Redakcija","sameAs":["http:\/\/podunavlje.info"],"url":"https:\/\/www.podunavlje.info\/dir\/author\/redakcija\/"}]}},"_links":{"self":[{"href":"https:\/\/www.podunavlje.info\/dir\/wp-json\/wp\/v2\/posts\/124023","targetHints":{"allow":["GET"]}}],"collection":[{"href":"https:\/\/www.podunavlje.info\/dir\/wp-json\/wp\/v2\/posts"}],"about":[{"href":"https:\/\/www.podunavlje.info\/dir\/wp-json\/wp\/v2\/types\/post"}],"author":[{"embeddable":true,"href":"https:\/\/www.podunavlje.info\/dir\/wp-json\/wp\/v2\/users\/5"}],"replies":[{"embeddable":true,"href":"https:\/\/www.podunavlje.info\/dir\/wp-json\/wp\/v2\/comments?post=124023"}],"version-history":[{"count":1,"href":"https:\/\/www.podunavlje.info\/dir\/wp-json\/wp\/v2\/posts\/124023\/revisions"}],"predecessor-version":[{"id":124027,"href":"https:\/\/www.podunavlje.info\/dir\/wp-json\/wp\/v2\/posts\/124023\/revisions\/124027"}],"wp:featuredmedia":[{"embeddable":true,"href":"https:\/\/www.podunavlje.info\/dir\/wp-json\/wp\/v2\/media\/124026"}],"wp:attachment":[{"href":"https:\/\/www.podunavlje.info\/dir\/wp-json\/wp\/v2\/media?parent=124023"}],"wp:term":[{"taxonomy":"category","embeddable":true,"href":"https:\/\/www.podunavlje.info\/dir\/wp-json\/wp\/v2\/categories?post=124023"},{"taxonomy":"post_tag","embeddable":true,"href":"https:\/\/www.podunavlje.info\/dir\/wp-json\/wp\/v2\/tags?post=124023"}],"curies":[{"name":"wp","href":"https:\/\/api.w.org\/{rel}","templated":true}]}}