{"id":124018,"date":"2026-09-03T10:14:32","date_gmt":"2026-09-03T09:14:32","guid":{"rendered":"https:\/\/www.podunavlje.info\/dir\/?p=124018"},"modified":"2026-09-03T10:14:32","modified_gmt":"2026-09-03T09:14:32","slug":"javili-se-iz-laste-tvrde-da-nemaju-ugovor-sa-smederevom-spremni-na-dogovor","status":"publish","type":"post","link":"https:\/\/www.podunavlje.info\/dir\/2026\/09\/03\/javili-se-iz-laste-tvrde-da-nemaju-ugovor-sa-smederevom-spremni-na-dogovor\/","title":{"rendered":"Javili se iz \u201eLaste\u201c, tvrde da nemaju ugovor sa Smederevom, spremni na dogovor"},"content":{"rendered":"<p>3. septembar 2026 &#8211; Saobra\u0107ajno preduze\u0107e \u201eLasta\u201c AD Beograd razume nezadovoljstvo i zabrinutost gra\u0111ana Grada Smedereva zbog smanjenog obima gradskog i prigradskog prevoza, posebno u periodu po\u010detka nove \u0161kolske godine, stoji na po\u010detku dopisa koji je jutros stigao na redakcijski mejl.<\/p>\n<p>Svesni su, kako ka\u017eu, koliko je pouzdan i redovan javni prevoz va\u017ean za svakodnevno funkcionisanje gra\u0111ana i upravo zato smatraju da javnost treba da bude u potpunosti upoznata sa okolnostima u kojima se prevoz trenutno obavlja.<\/p>\n<p>Uprkos svim nagomilanim problemi u poslovanju, SP\u201cLasta\u201c, kompanija je, ka\u017eu, u prethodnom periodu ulagala dodatne napore kako bi odr\u017eala prevoz na teritoriji Grada Smedereva, \u010dak 30 vozila iz drugih pogona preusmereno je za potrebe prevoza na podru\u010dju Smedereva.<\/p>\n<p>Me\u0111utim, tvrde i to, poslovanje na ovom podru\u010dju i dalje generi\u0161e zna\u010dajne gubitke. Isti\u010du da SP \u201eLasta&#8220; AD Beograd sa Gradom Smederevom nema zaklju\u010den ugovor kojim bi bilo regulisano obavljanje gradskog i prigradskog prevoza na toj teritoriji. Postoje\u0107i ugovori odnose se na prodaju mese\u010dnih karata i prevoz odre\u0111enih povla\u0161\u0107enih kategorija korisnika i ne predstavljaju ugovor kojim je ure\u0111en celokupan sistem gradskog i prigradskog prevoza.<\/p>\n<p>Tokom avgusta prodaja mese\u010dnih karata nije vr\u0161ena zbog neizvesnosti u pogledu obima prevoza. Odluka je doneta iz razloga kako gra\u0111anima i korisnicima ne bi bila napla\u0107ena usluga za koju u tom trenutku nije moglo da se garantuje da \u0107e biti izvr\u0161ena u punom obimu., a od 1. septembra prodaja mese\u010dnih karata nastavljena je u skladu sa va\u017ee\u0107im ugovorima, do njihovog isteka, odnosno do utro\u0161ka predvi\u0111enih sredstava.<\/p>\n<p>Me\u0111u ugovorima koji su i dalje na snazi nalaze se oni sa Muzi\u010dkom \u0161kolom \u201eKosta Manojlovi\u0107\u201c i JKP \u201eZelenilo i groblja&#8220;, koji isti\u010du tokom septembra, oktobra i decembra. Istovremeno, napominju, postoje i ugovori koji su na snazi i tokom 2027. godine, izme\u0111u ostalog sa Tehni\u010dkom \u0161kolom Smederevo, O\u0160 \u201eDimitrije Davidovi\u0107\u201c, JKP \u201eParking servis&#8220;, JP \u201eGrejanje&#8220; i O\u0160 \u201eIlija Milosavljevi\u0107 Kolarac&#8220;.<\/p>\n<p>Dodatni problem predstavlja \u010dinjenica da cene prevoza u Smederevu nisu menjane od 2022. godine, iako su tro\u0161kovi poslovanja, pre svega goriva, u me\u0111uvremenu zna\u010dajno porasli. SP\u201eLasta\u201c AD Beograd je u martu 2026. godine Gradu Smederevu uputila zvani\u010dan zahtev za korekciju cena, ali ni do dana\u0161njeg dana, kako tvrde, nije stigao odgovor niti su promenjeni uslovi pod kojima se prevoz obavlja.<\/p>\n<p>Problem javnog prevoza u Gradu Smederevu, zaklju\u010duje se na kraju dopisa, \u00a0ne mo\u017ee se re\u0161avati privremenim merama niti tako \u0161to \u0107e jedan privredni subjekt kontinuirano obavljati delatnost uz gubitke. Potrebno je uspostaviti odr\u017eiv model koji \u0107e omogu\u0107iti dovoljan broj polazaka, pouzdanost i kontinuitet usluge za gra\u0111ane. \u201eLasta&#8220; je, kako ka\u017eu, spremna za razgovor sa predstavnicima Grada Smedereva i pronala\u017eenje re\u0161enja koje \u0107e pre svega biti u interesu gra\u0111ana. Smatraju da je u ovom trenutku najva\u017enije da se kroz konstruktivan dijalog defini\u0161e odr\u017eiv model funkcionisanja gradskog i prigradskog prevoza, kako bi gra\u0111ani Smedereva mogli da ra\u010dunaju na stabilnu i pouzdanu uslugu.<\/p>\n","protected":false},"excerpt":{"rendered":"<p>3. septembar 2026 &#8211; Saobra\u0107ajno preduze\u0107e \u201eLasta\u201c AD Beograd razume nezadovoljstvo i zabrinutost gra\u0111ana Grada Smedereva zbog smanjenog obima gradskog i prigradskog prevoza, posebno u periodu po\u010detka nove \u0161kolske godine, stoji na po\u010detku dopisa koji je jutros stigao na redakcijski mejl. Svesni su, kako ka\u017eu, koliko je pouzdan i redovan javni prevoz va\u017ean za svakodnevno [&hellip;]<\/p>\n","protected":false},"author":5,"featured_media":124019,"comment_status":"open","ping_status":"closed","sticky":false,"template":"","format":"standard","meta":{"footnotes":""},"categories":[43],"tags":[9306,11308,24253],"class_list":["post-124018","post","type-post","status-publish","format-standard","has-post-thumbnail","hentry","category-drustvo","tag-autobuski-prevoz","tag-dopis","tag-lasta-ad"],"yoast_head":"<!-- This site is optimized with the Yoast SEO plugin v28.4 - https:\/\/yoast.com\/product\/yoast-seo-wordpress\/ -->\n<title>Javili se iz \u201eLaste\u201c, tvrde da nemaju ugovor sa Smederevom, spremni na dogovor -<\/title>\n<meta name=\"robots\" content=\"index, follow, max-snippet:-1, max-image-preview:large, max-video-preview:-1\" \/>\n<link rel=\"canonical\" href=\"https:\/\/www.podunavlje.info\/dir\/2026\/09\/03\/javili-se-iz-laste-tvrde-da-nemaju-ugovor-sa-smederevom-spremni-na-dogovor\/\" \/>\n<meta property=\"og:locale\" content=\"sr_RS\" \/>\n<meta property=\"og:type\" content=\"article\" \/>\n<meta property=\"og:title\" content=\"Javili se iz \u201eLaste\u201c, tvrde da nemaju ugovor sa Smederevom, spremni na dogovor -\" \/>\n<meta property=\"og:description\" content=\"3. septembar 2026 &#8211; Saobra\u0107ajno preduze\u0107e \u201eLasta\u201c AD Beograd razume nezadovoljstvo i zabrinutost gra\u0111ana Grada Smedereva zbog smanjenog obima gradskog i prigradskog prevoza, posebno u periodu po\u010detka nove \u0161kolske godine, stoji na po\u010detku dopisa koji je jutros stigao na redakcijski mejl. Svesni su, kako ka\u017eu, koliko je pouzdan i redovan javni prevoz va\u017ean za svakodnevno [&hellip;]\" \/>\n<meta property=\"og:url\" content=\"https:\/\/www.podunavlje.info\/dir\/2026\/09\/03\/javili-se-iz-laste-tvrde-da-nemaju-ugovor-sa-smederevom-spremni-na-dogovor\/\" \/>\n<meta property=\"article:publisher\" content=\"https:\/\/www.facebook.com\/podunavlje.info\/\" \/>\n<meta property=\"article:published_time\" content=\"2026-09-03T09:14:32+00:00\" \/>\n<meta property=\"og:image\" content=\"https:\/\/www.podunavlje.info\/dir\/wp-content\/uploads\/2026\/09\/dopis-laste.webp\" \/>\n\t<meta property=\"og:image:width\" content=\"840\" \/>\n\t<meta property=\"og:image:height\" content=\"480\" \/>\n\t<meta property=\"og:image:type\" content=\"image\/webp\" \/>\n<meta name=\"author\" content=\"Redakcija\" \/>\n<meta name=\"twitter:card\" content=\"summary_large_image\" \/>\n<meta name=\"twitter:creator\" content=\"@PodunavljeInfo\" \/>\n<meta name=\"twitter:site\" content=\"@PodunavljeInfo\" \/>\n<meta name=\"twitter:label1\" content=\"Napisano od\" \/>\n\t<meta name=\"twitter:data1\" content=\"Redakcija\" \/>\n\t<meta name=\"twitter:label2\" content=\"Procenjeno vreme \u010ditanja\" \/>\n\t<meta name=\"twitter:data2\" content=\"3 minuta\" \/>\n<script type=\"application\/ld+json\" class=\"yoast-schema-graph\">{\"@context\":\"https:\\\/\\\/schema.org\",\"@graph\":[{\"@type\":\"Article\",\"@id\":\"https:\\\/\\\/www.podunavlje.info\\\/dir\\\/2026\\\/09\\\/03\\\/javili-se-iz-laste-tvrde-da-nemaju-ugovor-sa-smederevom-spremni-na-dogovor\\\/#article\",\"isPartOf\":{\"@id\":\"https:\\\/\\\/www.podunavlje.info\\\/dir\\\/2026\\\/09\\\/03\\\/javili-se-iz-laste-tvrde-da-nemaju-ugovor-sa-smederevom-spremni-na-dogovor\\\/\"},\"author\":{\"name\":\"Redakcija\",\"@id\":\"https:\\\/\\\/www.podunavlje.info\\\/dir\\\/#\\\/schema\\\/person\\\/454a0d6f0754c295c90a7b1c0e03bd30\"},\"headline\":\"Javili se iz \u201eLaste\u201c, tvrde da nemaju ugovor sa Smederevom, spremni na dogovor\",\"datePublished\":\"2026-09-03T09:14:32+00:00\",\"mainEntityOfPage\":{\"@id\":\"https:\\\/\\\/www.podunavlje.info\\\/dir\\\/2026\\\/09\\\/03\\\/javili-se-iz-laste-tvrde-da-nemaju-ugovor-sa-smederevom-spremni-na-dogovor\\\/\"},\"wordCount\":530,\"commentCount\":0,\"image\":{\"@id\":\"https:\\\/\\\/www.podunavlje.info\\\/dir\\\/2026\\\/09\\\/03\\\/javili-se-iz-laste-tvrde-da-nemaju-ugovor-sa-smederevom-spremni-na-dogovor\\\/#primaryimage\"},\"thumbnailUrl\":\"https:\\\/\\\/www.podunavlje.info\\\/dir\\\/wp-content\\\/uploads\\\/2026\\\/09\\\/dopis-laste.webp\",\"keywords\":[\"Autobuski prevoz\",\"dopis\",\"Lasta AD\"],\"articleSection\":[\"DRU\u0160TVO\"],\"inLanguage\":\"sr-RS\",\"potentialAction\":[{\"@type\":\"CommentAction\",\"name\":\"Comment\",\"target\":[\"https:\\\/\\\/www.podunavlje.info\\\/dir\\\/2026\\\/09\\\/03\\\/javili-se-iz-laste-tvrde-da-nemaju-ugovor-sa-smederevom-spremni-na-dogovor\\\/#respond\"]}]},{\"@type\":\"WebPage\",\"@id\":\"https:\\\/\\\/www.podunavlje.info\\\/dir\\\/2026\\\/09\\\/03\\\/javili-se-iz-laste-tvrde-da-nemaju-ugovor-sa-smederevom-spremni-na-dogovor\\\/\",\"url\":\"https:\\\/\\\/www.podunavlje.info\\\/dir\\\/2026\\\/09\\\/03\\\/javili-se-iz-laste-tvrde-da-nemaju-ugovor-sa-smederevom-spremni-na-dogovor\\\/\",\"name\":\"Javili se iz \u201eLaste\u201c, tvrde da nemaju ugovor sa Smederevom, spremni na dogovor -\",\"isPartOf\":{\"@id\":\"https:\\\/\\\/www.podunavlje.info\\\/dir\\\/#website\"},\"primaryImageOfPage\":{\"@id\":\"https:\\\/\\\/www.podunavlje.info\\\/dir\\\/2026\\\/09\\\/03\\\/javili-se-iz-laste-tvrde-da-nemaju-ugovor-sa-smederevom-spremni-na-dogovor\\\/#primaryimage\"},\"image\":{\"@id\":\"https:\\\/\\\/www.podunavlje.info\\\/dir\\\/2026\\\/09\\\/03\\\/javili-se-iz-laste-tvrde-da-nemaju-ugovor-sa-smederevom-spremni-na-dogovor\\\/#primaryimage\"},\"thumbnailUrl\":\"https:\\\/\\\/www.podunavlje.info\\\/dir\\\/wp-content\\\/uploads\\\/2026\\\/09\\\/dopis-laste.webp\",\"datePublished\":\"2026-09-03T09:14:32+00:00\",\"author\":{\"@id\":\"https:\\\/\\\/www.podunavlje.info\\\/dir\\\/#\\\/schema\\\/person\\\/454a0d6f0754c295c90a7b1c0e03bd30\"},\"breadcrumb\":{\"@id\":\"https:\\\/\\\/www.podunavlje.info\\\/dir\\\/2026\\\/09\\\/03\\\/javili-se-iz-laste-tvrde-da-nemaju-ugovor-sa-smederevom-spremni-na-dogovor\\\/#breadcrumb\"},\"inLanguage\":\"sr-RS\",\"potentialAction\":[{\"@type\":\"ReadAction\",\"target\":[\"https:\\\/\\\/www.podunavlje.info\\\/dir\\\/2026\\\/09\\\/03\\\/javili-se-iz-laste-tvrde-da-nemaju-ugovor-sa-smederevom-spremni-na-dogovor\\\/\"]}]},{\"@type\":\"ImageObject\",\"inLanguage\":\"sr-RS\",\"@id\":\"https:\\\/\\\/www.podunavlje.info\\\/dir\\\/2026\\\/09\\\/03\\\/javili-se-iz-laste-tvrde-da-nemaju-ugovor-sa-smederevom-spremni-na-dogovor\\\/#primaryimage\",\"url\":\"https:\\\/\\\/www.podunavlje.info\\\/dir\\\/wp-content\\\/uploads\\\/2026\\\/09\\\/dopis-laste.webp\",\"contentUrl\":\"https:\\\/\\\/www.podunavlje.info\\\/dir\\\/wp-content\\\/uploads\\\/2026\\\/09\\\/dopis-laste.webp\",\"width\":840,\"height\":480},{\"@type\":\"BreadcrumbList\",\"@id\":\"https:\\\/\\\/www.podunavlje.info\\\/dir\\\/2026\\\/09\\\/03\\\/javili-se-iz-laste-tvrde-da-nemaju-ugovor-sa-smederevom-spremni-na-dogovor\\\/#breadcrumb\",\"itemListElement\":[{\"@type\":\"ListItem\",\"position\":1,\"name\":\"Home\",\"item\":\"https:\\\/\\\/www.podunavlje.info\\\/dir\\\/\"},{\"@type\":\"ListItem\",\"position\":2,\"name\":\"Javili se iz \u201eLaste\u201c, tvrde da nemaju ugovor sa Smederevom, spremni na dogovor\"}]},{\"@type\":\"WebSite\",\"@id\":\"https:\\\/\\\/www.podunavlje.info\\\/dir\\\/#website\",\"url\":\"https:\\\/\\\/www.podunavlje.info\\\/dir\\\/\",\"name\":\"\",\"description\":\"\",\"potentialAction\":[{\"@type\":\"SearchAction\",\"target\":{\"@type\":\"EntryPoint\",\"urlTemplate\":\"https:\\\/\\\/www.podunavlje.info\\\/dir\\\/?s={search_term_string}\"},\"query-input\":{\"@type\":\"PropertyValueSpecification\",\"valueRequired\":true,\"valueName\":\"search_term_string\"}}],\"inLanguage\":\"sr-RS\"},{\"@type\":\"Person\",\"@id\":\"https:\\\/\\\/www.podunavlje.info\\\/dir\\\/#\\\/schema\\\/person\\\/454a0d6f0754c295c90a7b1c0e03bd30\",\"name\":\"Redakcija\",\"sameAs\":[\"http:\\\/\\\/podunavlje.info\"],\"url\":\"https:\\\/\\\/www.podunavlje.info\\\/dir\\\/author\\\/redakcija\\\/\"}]}<\/script>\n<!-- \/ Yoast SEO plugin. -->","yoast_head_json":{"title":"Javili se iz \u201eLaste\u201c, tvrde da nemaju ugovor sa Smederevom, spremni na dogovor -","robots":{"index":"index","follow":"follow","max-snippet":"max-snippet:-1","max-image-preview":"max-image-preview:large","max-video-preview":"max-video-preview:-1"},"canonical":"https:\/\/www.podunavlje.info\/dir\/2026\/09\/03\/javili-se-iz-laste-tvrde-da-nemaju-ugovor-sa-smederevom-spremni-na-dogovor\/","og_locale":"sr_RS","og_type":"article","og_title":"Javili se iz \u201eLaste\u201c, tvrde da nemaju ugovor sa Smederevom, spremni na dogovor -","og_description":"3. septembar 2026 &#8211; Saobra\u0107ajno preduze\u0107e \u201eLasta\u201c AD Beograd razume nezadovoljstvo i zabrinutost gra\u0111ana Grada Smedereva zbog smanjenog obima gradskog i prigradskog prevoza, posebno u periodu po\u010detka nove \u0161kolske godine, stoji na po\u010detku dopisa koji je jutros stigao na redakcijski mejl. Svesni su, kako ka\u017eu, koliko je pouzdan i redovan javni prevoz va\u017ean za svakodnevno [&hellip;]","og_url":"https:\/\/www.podunavlje.info\/dir\/2026\/09\/03\/javili-se-iz-laste-tvrde-da-nemaju-ugovor-sa-smederevom-spremni-na-dogovor\/","article_publisher":"https:\/\/www.facebook.com\/podunavlje.info\/","article_published_time":"2026-09-03T09:14:32+00:00","og_image":[{"width":840,"height":480,"url":"https:\/\/www.podunavlje.info\/dir\/wp-content\/uploads\/2026\/09\/dopis-laste.webp","type":"image\/webp"}],"author":"Redakcija","twitter_card":"summary_large_image","twitter_creator":"@PodunavljeInfo","twitter_site":"@PodunavljeInfo","twitter_misc":{"Napisano od":"Redakcija","Procenjeno vreme \u010ditanja":"3 minuta"},"schema":{"@context":"https:\/\/schema.org","@graph":[{"@type":"Article","@id":"https:\/\/www.podunavlje.info\/dir\/2026\/09\/03\/javili-se-iz-laste-tvrde-da-nemaju-ugovor-sa-smederevom-spremni-na-dogovor\/#article","isPartOf":{"@id":"https:\/\/www.podunavlje.info\/dir\/2026\/09\/03\/javili-se-iz-laste-tvrde-da-nemaju-ugovor-sa-smederevom-spremni-na-dogovor\/"},"author":{"name":"Redakcija","@id":"https:\/\/www.podunavlje.info\/dir\/#\/schema\/person\/454a0d6f0754c295c90a7b1c0e03bd30"},"headline":"Javili se iz \u201eLaste\u201c, tvrde da nemaju ugovor sa Smederevom, spremni na dogovor","datePublished":"2026-09-03T09:14:32+00:00","mainEntityOfPage":{"@id":"https:\/\/www.podunavlje.info\/dir\/2026\/09\/03\/javili-se-iz-laste-tvrde-da-nemaju-ugovor-sa-smederevom-spremni-na-dogovor\/"},"wordCount":530,"commentCount":0,"image":{"@id":"https:\/\/www.podunavlje.info\/dir\/2026\/09\/03\/javili-se-iz-laste-tvrde-da-nemaju-ugovor-sa-smederevom-spremni-na-dogovor\/#primaryimage"},"thumbnailUrl":"https:\/\/www.podunavlje.info\/dir\/wp-content\/uploads\/2026\/09\/dopis-laste.webp","keywords":["Autobuski prevoz","dopis","Lasta AD"],"articleSection":["DRU\u0160TVO"],"inLanguage":"sr-RS","potentialAction":[{"@type":"CommentAction","name":"Comment","target":["https:\/\/www.podunavlje.info\/dir\/2026\/09\/03\/javili-se-iz-laste-tvrde-da-nemaju-ugovor-sa-smederevom-spremni-na-dogovor\/#respond"]}]},{"@type":"WebPage","@id":"https:\/\/www.podunavlje.info\/dir\/2026\/09\/03\/javili-se-iz-laste-tvrde-da-nemaju-ugovor-sa-smederevom-spremni-na-dogovor\/","url":"https:\/\/www.podunavlje.info\/dir\/2026\/09\/03\/javili-se-iz-laste-tvrde-da-nemaju-ugovor-sa-smederevom-spremni-na-dogovor\/","name":"Javili se iz \u201eLaste\u201c, tvrde da nemaju ugovor sa Smederevom, spremni na dogovor -","isPartOf":{"@id":"https:\/\/www.podunavlje.info\/dir\/#website"},"primaryImageOfPage":{"@id":"https:\/\/www.podunavlje.info\/dir\/2026\/09\/03\/javili-se-iz-laste-tvrde-da-nemaju-ugovor-sa-smederevom-spremni-na-dogovor\/#primaryimage"},"image":{"@id":"https:\/\/www.podunavlje.info\/dir\/2026\/09\/03\/javili-se-iz-laste-tvrde-da-nemaju-ugovor-sa-smederevom-spremni-na-dogovor\/#primaryimage"},"thumbnailUrl":"https:\/\/www.podunavlje.info\/dir\/wp-content\/uploads\/2026\/09\/dopis-laste.webp","datePublished":"2026-09-03T09:14:32+00:00","author":{"@id":"https:\/\/www.podunavlje.info\/dir\/#\/schema\/person\/454a0d6f0754c295c90a7b1c0e03bd30"},"breadcrumb":{"@id":"https:\/\/www.podunavlje.info\/dir\/2026\/09\/03\/javili-se-iz-laste-tvrde-da-nemaju-ugovor-sa-smederevom-spremni-na-dogovor\/#breadcrumb"},"inLanguage":"sr-RS","potentialAction":[{"@type":"ReadAction","target":["https:\/\/www.podunavlje.info\/dir\/2026\/09\/03\/javili-se-iz-laste-tvrde-da-nemaju-ugovor-sa-smederevom-spremni-na-dogovor\/"]}]},{"@type":"ImageObject","inLanguage":"sr-RS","@id":"https:\/\/www.podunavlje.info\/dir\/2026\/09\/03\/javili-se-iz-laste-tvrde-da-nemaju-ugovor-sa-smederevom-spremni-na-dogovor\/#primaryimage","url":"https:\/\/www.podunavlje.info\/dir\/wp-content\/uploads\/2026\/09\/dopis-laste.webp","contentUrl":"https:\/\/www.podunavlje.info\/dir\/wp-content\/uploads\/2026\/09\/dopis-laste.webp","width":840,"height":480},{"@type":"BreadcrumbList","@id":"https:\/\/www.podunavlje.info\/dir\/2026\/09\/03\/javili-se-iz-laste-tvrde-da-nemaju-ugovor-sa-smederevom-spremni-na-dogovor\/#breadcrumb","itemListElement":[{"@type":"ListItem","position":1,"name":"Home","item":"https:\/\/www.podunavlje.info\/dir\/"},{"@type":"ListItem","position":2,"name":"Javili se iz \u201eLaste\u201c, tvrde da nemaju ugovor sa Smederevom, spremni na dogovor"}]},{"@type":"WebSite","@id":"https:\/\/www.podunavlje.info\/dir\/#website","url":"https:\/\/www.podunavlje.info\/dir\/","name":"","description":"","potentialAction":[{"@type":"SearchAction","target":{"@type":"EntryPoint","urlTemplate":"https:\/\/www.podunavlje.info\/dir\/?s={search_term_string}"},"query-input":{"@type":"PropertyValueSpecification","valueRequired":true,"valueName":"search_term_string"}}],"inLanguage":"sr-RS"},{"@type":"Person","@id":"https:\/\/www.podunavlje.info\/dir\/#\/schema\/person\/454a0d6f0754c295c90a7b1c0e03bd30","name":"Redakcija","sameAs":["http:\/\/podunavlje.info"],"url":"https:\/\/www.podunavlje.info\/dir\/author\/redakcija\/"}]}},"_links":{"self":[{"href":"https:\/\/www.podunavlje.info\/dir\/wp-json\/wp\/v2\/posts\/124018","targetHints":{"allow":["GET"]}}],"collection":[{"href":"https:\/\/www.podunavlje.info\/dir\/wp-json\/wp\/v2\/posts"}],"about":[{"href":"https:\/\/www.podunavlje.info\/dir\/wp-json\/wp\/v2\/types\/post"}],"author":[{"embeddable":true,"href":"https:\/\/www.podunavlje.info\/dir\/wp-json\/wp\/v2\/users\/5"}],"replies":[{"embeddable":true,"href":"https:\/\/www.podunavlje.info\/dir\/wp-json\/wp\/v2\/comments?post=124018"}],"version-history":[{"count":3,"href":"https:\/\/www.podunavlje.info\/dir\/wp-json\/wp\/v2\/posts\/124018\/revisions"}],"predecessor-version":[{"id":124022,"href":"https:\/\/www.podunavlje.info\/dir\/wp-json\/wp\/v2\/posts\/124018\/revisions\/124022"}],"wp:featuredmedia":[{"embeddable":true,"href":"https:\/\/www.podunavlje.info\/dir\/wp-json\/wp\/v2\/media\/124019"}],"wp:attachment":[{"href":"https:\/\/www.podunavlje.info\/dir\/wp-json\/wp\/v2\/media?parent=124018"}],"wp:term":[{"taxonomy":"category","embeddable":true,"href":"https:\/\/www.podunavlje.info\/dir\/wp-json\/wp\/v2\/categories?post=124018"},{"taxonomy":"post_tag","embeddable":true,"href":"https:\/\/www.podunavlje.info\/dir\/wp-json\/wp\/v2\/tags?post=124018"}],"curies":[{"name":"wp","href":"https:\/\/api.w.org\/{rel}","templated":true}]}}