{"id":123988,"date":"2026-09-02T20:10:48","date_gmt":"2026-09-02T19:10:48","guid":{"rendered":"https:\/\/www.podunavlje.info\/dir\/?p=123988"},"modified":"2026-09-02T22:28:04","modified_gmt":"2026-09-02T21:28:04","slug":"izvinjenje-gradjanima-smedereva-zbog-problema-u-javnom-saobracaju","status":"publish","type":"post","link":"https:\/\/www.podunavlje.info\/dir\/2026\/09\/02\/izvinjenje-gradjanima-smedereva-zbog-problema-u-javnom-saobracaju\/","title":{"rendered":"Izvinjenje gra\u0111anima Smedereva zbog problema u javnom saobra\u0107aju"},"content":{"rendered":"<p>2. septembar 2026 &#8211; Gradona\u010delnica Smedereva Jasmina Vojinovi\u0107 obratila se javnosti saop\u0161tenjem u kojem se navodi da su danas odr\u017eani konstruktivni sastanci sa svim relevantnim stranama, a sve s ciljem da se prona\u0111e re\u0161enje koje \u0107e u najkra\u0107em roku obezbediti stabilan prevoz za Smederevce.<\/p>\n<p>\u201cGrad Smederevo se pre svega izvinjava gra\u0111anima zbog neprijatnosti i problema sa kojima su se suo\u010davali u prethodnom periodu, a koji su nastali usled poreme\u0107aja u funkcionisanju gradskog i prigradskog prevoza.\u201d<\/p>\n<p>Preduze\u0107e \u201eLasta\u201c , koje je, kako se dalje navodi, ranije samoinicijativno prekinulo realizaciju va\u017ee\u0107ih ugovora potpisanih sa Gradom Smederevom, nastavi\u0107e da ih realizuje do njihovog isteka i vr\u0161i\u0107e prodaju mese\u010dnih karata penzionerima i drugim gra\u0111anima koji imaju pravo na povla\u0161\u0107eni prevoz.<\/p>\n<p>U saop\u0161tenju se podse\u0107a da je Grad Smederevo ve\u0107 pripremio Projekat javno-privatnog partnerstva za obavljanje komunalne delatnosti gradskog i prigradskog prevoza na teritoriji grada Smedereva i o\u010dekuje se dobijanje saglasnosti za pomenuti projekat od strane nadle\u017ene komisije Vlade Republike Srbije, nakon \u010dega \u0107e biti stvoreni uslovi za raspisivanje postupka i izbor partnera koji \u0107e dugoro\u010dno obezbediti kvalitetan i pouzdan javni prevoz.<\/p>\n<p>Pored toga, Grad Smederevo \u0107e ponovo raspisati javnu nabavku za obavljanje javnog prevoza u\u010denika srednjih \u0161kola i studenata, nakon \u0161to se na prethodno raspisanu nije javio nijedan prevoznik.<\/p>\n<p>U me\u0111uvremenu, dodaje se u saop\u0161tenju, izna\u0111eno je re\u0161enje za prevoz u\u010denika, kako bi nesmetano mogli da poha\u0111aju nastavu, trebalo bi da budu obezbe\u0111eni prevoznici koji \u0107e odgovorno i pouzdano obavljati ovu uslugu za gra\u0111ane Smedereva.<\/p>\n<p>Grad Smederevo je posve\u0107en re\u0161avanju ovog problema i preduzima sve raspolo\u017eive mere kako bi gra\u0111anima bio obezbe\u0111en redovan, siguran i pouzdan javni prevoz, navodi se u saop\u0161tenju i dodaje da \u0107e o svim daljim koracima javnost biti blagovremeno obave\u0161tena.<\/p>\n<p style=\"text-align: right;\"><em>Foto\/ilustracija: podunavlje.info (arhiva)<\/em><\/p>\n","protected":false},"excerpt":{"rendered":"<p>2. septembar 2026 &#8211; Gradona\u010delnica Smedereva Jasmina Vojinovi\u0107 obratila se javnosti saop\u0161tenjem u kojem se navodi da su danas odr\u017eani konstruktivni sastanci sa svim relevantnim stranama, a sve s ciljem da se prona\u0111e re\u0161enje koje \u0107e u najkra\u0107em roku obezbediti stabilan prevoz za Smederevce. \u201cGrad Smederevo se pre svega izvinjava gra\u0111anima zbog neprijatnosti i problema [&hellip;]<\/p>\n","protected":false},"author":5,"featured_media":96901,"comment_status":"open","ping_status":"closed","sticky":false,"template":"","format":"standard","meta":{"footnotes":""},"categories":[43],"tags":[9306],"class_list":["post-123988","post","type-post","status-publish","format-standard","has-post-thumbnail","hentry","category-drustvo","tag-autobuski-prevoz"],"yoast_head":"<!-- This site is optimized with the Yoast SEO plugin v28.4 - https:\/\/yoast.com\/product\/yoast-seo-wordpress\/ -->\n<title>Izvinjenje gra\u0111anima Smedereva zbog problema u javnom saobra\u0107aju -<\/title>\n<meta name=\"robots\" content=\"index, follow, max-snippet:-1, max-image-preview:large, max-video-preview:-1\" \/>\n<link rel=\"canonical\" href=\"https:\/\/www.podunavlje.info\/dir\/2026\/09\/02\/izvinjenje-gradjanima-smedereva-zbog-problema-u-javnom-saobracaju\/\" \/>\n<meta property=\"og:locale\" content=\"sr_RS\" \/>\n<meta property=\"og:type\" content=\"article\" \/>\n<meta property=\"og:title\" content=\"Izvinjenje gra\u0111anima Smedereva zbog problema u javnom saobra\u0107aju -\" \/>\n<meta property=\"og:description\" content=\"2. septembar 2026 &#8211; Gradona\u010delnica Smedereva Jasmina Vojinovi\u0107 obratila se javnosti saop\u0161tenjem u kojem se navodi da su danas odr\u017eani konstruktivni sastanci sa svim relevantnim stranama, a sve s ciljem da se prona\u0111e re\u0161enje koje \u0107e u najkra\u0107em roku obezbediti stabilan prevoz za Smederevce. \u201cGrad Smederevo se pre svega izvinjava gra\u0111anima zbog neprijatnosti i problema [&hellip;]\" \/>\n<meta property=\"og:url\" content=\"https:\/\/www.podunavlje.info\/dir\/2026\/09\/02\/izvinjenje-gradjanima-smedereva-zbog-problema-u-javnom-saobracaju\/\" \/>\n<meta property=\"article:publisher\" content=\"https:\/\/www.facebook.com\/podunavlje.info\/\" \/>\n<meta property=\"article:published_time\" content=\"2026-09-02T19:10:48+00:00\" \/>\n<meta property=\"article:modified_time\" content=\"2026-09-02T21:28:04+00:00\" \/>\n<meta property=\"og:image\" content=\"https:\/\/www.podunavlje.info\/dir\/wp-content\/uploads\/2024\/03\/autobus-penzioneri-besplatan-prevoz.jpg\" \/>\n\t<meta property=\"og:image:width\" content=\"840\" \/>\n\t<meta property=\"og:image:height\" content=\"480\" \/>\n\t<meta property=\"og:image:type\" content=\"image\/jpeg\" \/>\n<meta name=\"author\" content=\"Redakcija\" \/>\n<meta name=\"twitter:card\" content=\"summary_large_image\" \/>\n<meta name=\"twitter:creator\" content=\"@PodunavljeInfo\" \/>\n<meta name=\"twitter:site\" content=\"@PodunavljeInfo\" \/>\n<meta name=\"twitter:label1\" content=\"Napisano od\" \/>\n\t<meta name=\"twitter:data1\" content=\"Redakcija\" \/>\n\t<meta name=\"twitter:label2\" content=\"Procenjeno vreme \u010ditanja\" \/>\n\t<meta name=\"twitter:data2\" content=\"2 minuta\" \/>\n<script type=\"application\/ld+json\" class=\"yoast-schema-graph\">{\"@context\":\"https:\\\/\\\/schema.org\",\"@graph\":[{\"@type\":\"Article\",\"@id\":\"https:\\\/\\\/www.podunavlje.info\\\/dir\\\/2026\\\/09\\\/02\\\/izvinjenje-gradjanima-smedereva-zbog-problema-u-javnom-saobracaju\\\/#article\",\"isPartOf\":{\"@id\":\"https:\\\/\\\/www.podunavlje.info\\\/dir\\\/2026\\\/09\\\/02\\\/izvinjenje-gradjanima-smedereva-zbog-problema-u-javnom-saobracaju\\\/\"},\"author\":{\"name\":\"Redakcija\",\"@id\":\"https:\\\/\\\/www.podunavlje.info\\\/dir\\\/#\\\/schema\\\/person\\\/454a0d6f0754c295c90a7b1c0e03bd30\"},\"headline\":\"Izvinjenje gra\u0111anima Smedereva zbog problema u javnom saobra\u0107aju\",\"datePublished\":\"2026-09-02T19:10:48+00:00\",\"dateModified\":\"2026-09-02T21:28:04+00:00\",\"mainEntityOfPage\":{\"@id\":\"https:\\\/\\\/www.podunavlje.info\\\/dir\\\/2026\\\/09\\\/02\\\/izvinjenje-gradjanima-smedereva-zbog-problema-u-javnom-saobracaju\\\/\"},\"wordCount\":331,\"commentCount\":0,\"image\":{\"@id\":\"https:\\\/\\\/www.podunavlje.info\\\/dir\\\/2026\\\/09\\\/02\\\/izvinjenje-gradjanima-smedereva-zbog-problema-u-javnom-saobracaju\\\/#primaryimage\"},\"thumbnailUrl\":\"https:\\\/\\\/www.podunavlje.info\\\/dir\\\/wp-content\\\/uploads\\\/2024\\\/03\\\/autobus-penzioneri-besplatan-prevoz.jpg\",\"keywords\":[\"Autobuski prevoz\"],\"articleSection\":[\"DRU\u0160TVO\"],\"inLanguage\":\"sr-RS\",\"potentialAction\":[{\"@type\":\"CommentAction\",\"name\":\"Comment\",\"target\":[\"https:\\\/\\\/www.podunavlje.info\\\/dir\\\/2026\\\/09\\\/02\\\/izvinjenje-gradjanima-smedereva-zbog-problema-u-javnom-saobracaju\\\/#respond\"]}]},{\"@type\":\"WebPage\",\"@id\":\"https:\\\/\\\/www.podunavlje.info\\\/dir\\\/2026\\\/09\\\/02\\\/izvinjenje-gradjanima-smedereva-zbog-problema-u-javnom-saobracaju\\\/\",\"url\":\"https:\\\/\\\/www.podunavlje.info\\\/dir\\\/2026\\\/09\\\/02\\\/izvinjenje-gradjanima-smedereva-zbog-problema-u-javnom-saobracaju\\\/\",\"name\":\"Izvinjenje gra\u0111anima Smedereva zbog problema u javnom saobra\u0107aju -\",\"isPartOf\":{\"@id\":\"https:\\\/\\\/www.podunavlje.info\\\/dir\\\/#website\"},\"primaryImageOfPage\":{\"@id\":\"https:\\\/\\\/www.podunavlje.info\\\/dir\\\/2026\\\/09\\\/02\\\/izvinjenje-gradjanima-smedereva-zbog-problema-u-javnom-saobracaju\\\/#primaryimage\"},\"image\":{\"@id\":\"https:\\\/\\\/www.podunavlje.info\\\/dir\\\/2026\\\/09\\\/02\\\/izvinjenje-gradjanima-smedereva-zbog-problema-u-javnom-saobracaju\\\/#primaryimage\"},\"thumbnailUrl\":\"https:\\\/\\\/www.podunavlje.info\\\/dir\\\/wp-content\\\/uploads\\\/2024\\\/03\\\/autobus-penzioneri-besplatan-prevoz.jpg\",\"datePublished\":\"2026-09-02T19:10:48+00:00\",\"dateModified\":\"2026-09-02T21:28:04+00:00\",\"author\":{\"@id\":\"https:\\\/\\\/www.podunavlje.info\\\/dir\\\/#\\\/schema\\\/person\\\/454a0d6f0754c295c90a7b1c0e03bd30\"},\"breadcrumb\":{\"@id\":\"https:\\\/\\\/www.podunavlje.info\\\/dir\\\/2026\\\/09\\\/02\\\/izvinjenje-gradjanima-smedereva-zbog-problema-u-javnom-saobracaju\\\/#breadcrumb\"},\"inLanguage\":\"sr-RS\",\"potentialAction\":[{\"@type\":\"ReadAction\",\"target\":[\"https:\\\/\\\/www.podunavlje.info\\\/dir\\\/2026\\\/09\\\/02\\\/izvinjenje-gradjanima-smedereva-zbog-problema-u-javnom-saobracaju\\\/\"]}]},{\"@type\":\"ImageObject\",\"inLanguage\":\"sr-RS\",\"@id\":\"https:\\\/\\\/www.podunavlje.info\\\/dir\\\/2026\\\/09\\\/02\\\/izvinjenje-gradjanima-smedereva-zbog-problema-u-javnom-saobracaju\\\/#primaryimage\",\"url\":\"https:\\\/\\\/www.podunavlje.info\\\/dir\\\/wp-content\\\/uploads\\\/2024\\\/03\\\/autobus-penzioneri-besplatan-prevoz.jpg\",\"contentUrl\":\"https:\\\/\\\/www.podunavlje.info\\\/dir\\\/wp-content\\\/uploads\\\/2024\\\/03\\\/autobus-penzioneri-besplatan-prevoz.jpg\",\"width\":840,\"height\":480},{\"@type\":\"BreadcrumbList\",\"@id\":\"https:\\\/\\\/www.podunavlje.info\\\/dir\\\/2026\\\/09\\\/02\\\/izvinjenje-gradjanima-smedereva-zbog-problema-u-javnom-saobracaju\\\/#breadcrumb\",\"itemListElement\":[{\"@type\":\"ListItem\",\"position\":1,\"name\":\"Home\",\"item\":\"https:\\\/\\\/www.podunavlje.info\\\/dir\\\/\"},{\"@type\":\"ListItem\",\"position\":2,\"name\":\"Izvinjenje gra\u0111anima Smedereva zbog problema u javnom saobra\u0107aju\"}]},{\"@type\":\"WebSite\",\"@id\":\"https:\\\/\\\/www.podunavlje.info\\\/dir\\\/#website\",\"url\":\"https:\\\/\\\/www.podunavlje.info\\\/dir\\\/\",\"name\":\"\",\"description\":\"\",\"potentialAction\":[{\"@type\":\"SearchAction\",\"target\":{\"@type\":\"EntryPoint\",\"urlTemplate\":\"https:\\\/\\\/www.podunavlje.info\\\/dir\\\/?s={search_term_string}\"},\"query-input\":{\"@type\":\"PropertyValueSpecification\",\"valueRequired\":true,\"valueName\":\"search_term_string\"}}],\"inLanguage\":\"sr-RS\"},{\"@type\":\"Person\",\"@id\":\"https:\\\/\\\/www.podunavlje.info\\\/dir\\\/#\\\/schema\\\/person\\\/454a0d6f0754c295c90a7b1c0e03bd30\",\"name\":\"Redakcija\",\"sameAs\":[\"http:\\\/\\\/podunavlje.info\"],\"url\":\"https:\\\/\\\/www.podunavlje.info\\\/dir\\\/author\\\/redakcija\\\/\"}]}<\/script>\n<!-- \/ Yoast SEO plugin. -->","yoast_head_json":{"title":"Izvinjenje gra\u0111anima Smedereva zbog problema u javnom saobra\u0107aju -","robots":{"index":"index","follow":"follow","max-snippet":"max-snippet:-1","max-image-preview":"max-image-preview:large","max-video-preview":"max-video-preview:-1"},"canonical":"https:\/\/www.podunavlje.info\/dir\/2026\/09\/02\/izvinjenje-gradjanima-smedereva-zbog-problema-u-javnom-saobracaju\/","og_locale":"sr_RS","og_type":"article","og_title":"Izvinjenje gra\u0111anima Smedereva zbog problema u javnom saobra\u0107aju -","og_description":"2. septembar 2026 &#8211; Gradona\u010delnica Smedereva Jasmina Vojinovi\u0107 obratila se javnosti saop\u0161tenjem u kojem se navodi da su danas odr\u017eani konstruktivni sastanci sa svim relevantnim stranama, a sve s ciljem da se prona\u0111e re\u0161enje koje \u0107e u najkra\u0107em roku obezbediti stabilan prevoz za Smederevce. \u201cGrad Smederevo se pre svega izvinjava gra\u0111anima zbog neprijatnosti i problema [&hellip;]","og_url":"https:\/\/www.podunavlje.info\/dir\/2026\/09\/02\/izvinjenje-gradjanima-smedereva-zbog-problema-u-javnom-saobracaju\/","article_publisher":"https:\/\/www.facebook.com\/podunavlje.info\/","article_published_time":"2026-09-02T19:10:48+00:00","article_modified_time":"2026-09-02T21:28:04+00:00","og_image":[{"width":840,"height":480,"url":"https:\/\/www.podunavlje.info\/dir\/wp-content\/uploads\/2024\/03\/autobus-penzioneri-besplatan-prevoz.jpg","type":"image\/jpeg"}],"author":"Redakcija","twitter_card":"summary_large_image","twitter_creator":"@PodunavljeInfo","twitter_site":"@PodunavljeInfo","twitter_misc":{"Napisano od":"Redakcija","Procenjeno vreme \u010ditanja":"2 minuta"},"schema":{"@context":"https:\/\/schema.org","@graph":[{"@type":"Article","@id":"https:\/\/www.podunavlje.info\/dir\/2026\/09\/02\/izvinjenje-gradjanima-smedereva-zbog-problema-u-javnom-saobracaju\/#article","isPartOf":{"@id":"https:\/\/www.podunavlje.info\/dir\/2026\/09\/02\/izvinjenje-gradjanima-smedereva-zbog-problema-u-javnom-saobracaju\/"},"author":{"name":"Redakcija","@id":"https:\/\/www.podunavlje.info\/dir\/#\/schema\/person\/454a0d6f0754c295c90a7b1c0e03bd30"},"headline":"Izvinjenje gra\u0111anima Smedereva zbog problema u javnom saobra\u0107aju","datePublished":"2026-09-02T19:10:48+00:00","dateModified":"2026-09-02T21:28:04+00:00","mainEntityOfPage":{"@id":"https:\/\/www.podunavlje.info\/dir\/2026\/09\/02\/izvinjenje-gradjanima-smedereva-zbog-problema-u-javnom-saobracaju\/"},"wordCount":331,"commentCount":0,"image":{"@id":"https:\/\/www.podunavlje.info\/dir\/2026\/09\/02\/izvinjenje-gradjanima-smedereva-zbog-problema-u-javnom-saobracaju\/#primaryimage"},"thumbnailUrl":"https:\/\/www.podunavlje.info\/dir\/wp-content\/uploads\/2024\/03\/autobus-penzioneri-besplatan-prevoz.jpg","keywords":["Autobuski prevoz"],"articleSection":["DRU\u0160TVO"],"inLanguage":"sr-RS","potentialAction":[{"@type":"CommentAction","name":"Comment","target":["https:\/\/www.podunavlje.info\/dir\/2026\/09\/02\/izvinjenje-gradjanima-smedereva-zbog-problema-u-javnom-saobracaju\/#respond"]}]},{"@type":"WebPage","@id":"https:\/\/www.podunavlje.info\/dir\/2026\/09\/02\/izvinjenje-gradjanima-smedereva-zbog-problema-u-javnom-saobracaju\/","url":"https:\/\/www.podunavlje.info\/dir\/2026\/09\/02\/izvinjenje-gradjanima-smedereva-zbog-problema-u-javnom-saobracaju\/","name":"Izvinjenje gra\u0111anima Smedereva zbog problema u javnom saobra\u0107aju -","isPartOf":{"@id":"https:\/\/www.podunavlje.info\/dir\/#website"},"primaryImageOfPage":{"@id":"https:\/\/www.podunavlje.info\/dir\/2026\/09\/02\/izvinjenje-gradjanima-smedereva-zbog-problema-u-javnom-saobracaju\/#primaryimage"},"image":{"@id":"https:\/\/www.podunavlje.info\/dir\/2026\/09\/02\/izvinjenje-gradjanima-smedereva-zbog-problema-u-javnom-saobracaju\/#primaryimage"},"thumbnailUrl":"https:\/\/www.podunavlje.info\/dir\/wp-content\/uploads\/2024\/03\/autobus-penzioneri-besplatan-prevoz.jpg","datePublished":"2026-09-02T19:10:48+00:00","dateModified":"2026-09-02T21:28:04+00:00","author":{"@id":"https:\/\/www.podunavlje.info\/dir\/#\/schema\/person\/454a0d6f0754c295c90a7b1c0e03bd30"},"breadcrumb":{"@id":"https:\/\/www.podunavlje.info\/dir\/2026\/09\/02\/izvinjenje-gradjanima-smedereva-zbog-problema-u-javnom-saobracaju\/#breadcrumb"},"inLanguage":"sr-RS","potentialAction":[{"@type":"ReadAction","target":["https:\/\/www.podunavlje.info\/dir\/2026\/09\/02\/izvinjenje-gradjanima-smedereva-zbog-problema-u-javnom-saobracaju\/"]}]},{"@type":"ImageObject","inLanguage":"sr-RS","@id":"https:\/\/www.podunavlje.info\/dir\/2026\/09\/02\/izvinjenje-gradjanima-smedereva-zbog-problema-u-javnom-saobracaju\/#primaryimage","url":"https:\/\/www.podunavlje.info\/dir\/wp-content\/uploads\/2024\/03\/autobus-penzioneri-besplatan-prevoz.jpg","contentUrl":"https:\/\/www.podunavlje.info\/dir\/wp-content\/uploads\/2024\/03\/autobus-penzioneri-besplatan-prevoz.jpg","width":840,"height":480},{"@type":"BreadcrumbList","@id":"https:\/\/www.podunavlje.info\/dir\/2026\/09\/02\/izvinjenje-gradjanima-smedereva-zbog-problema-u-javnom-saobracaju\/#breadcrumb","itemListElement":[{"@type":"ListItem","position":1,"name":"Home","item":"https:\/\/www.podunavlje.info\/dir\/"},{"@type":"ListItem","position":2,"name":"Izvinjenje gra\u0111anima Smedereva zbog problema u javnom saobra\u0107aju"}]},{"@type":"WebSite","@id":"https:\/\/www.podunavlje.info\/dir\/#website","url":"https:\/\/www.podunavlje.info\/dir\/","name":"","description":"","potentialAction":[{"@type":"SearchAction","target":{"@type":"EntryPoint","urlTemplate":"https:\/\/www.podunavlje.info\/dir\/?s={search_term_string}"},"query-input":{"@type":"PropertyValueSpecification","valueRequired":true,"valueName":"search_term_string"}}],"inLanguage":"sr-RS"},{"@type":"Person","@id":"https:\/\/www.podunavlje.info\/dir\/#\/schema\/person\/454a0d6f0754c295c90a7b1c0e03bd30","name":"Redakcija","sameAs":["http:\/\/podunavlje.info"],"url":"https:\/\/www.podunavlje.info\/dir\/author\/redakcija\/"}]}},"_links":{"self":[{"href":"https:\/\/www.podunavlje.info\/dir\/wp-json\/wp\/v2\/posts\/123988","targetHints":{"allow":["GET"]}}],"collection":[{"href":"https:\/\/www.podunavlje.info\/dir\/wp-json\/wp\/v2\/posts"}],"about":[{"href":"https:\/\/www.podunavlje.info\/dir\/wp-json\/wp\/v2\/types\/post"}],"author":[{"embeddable":true,"href":"https:\/\/www.podunavlje.info\/dir\/wp-json\/wp\/v2\/users\/5"}],"replies":[{"embeddable":true,"href":"https:\/\/www.podunavlje.info\/dir\/wp-json\/wp\/v2\/comments?post=123988"}],"version-history":[{"count":3,"href":"https:\/\/www.podunavlje.info\/dir\/wp-json\/wp\/v2\/posts\/123988\/revisions"}],"predecessor-version":[{"id":124006,"href":"https:\/\/www.podunavlje.info\/dir\/wp-json\/wp\/v2\/posts\/123988\/revisions\/124006"}],"wp:featuredmedia":[{"embeddable":true,"href":"https:\/\/www.podunavlje.info\/dir\/wp-json\/wp\/v2\/media\/96901"}],"wp:attachment":[{"href":"https:\/\/www.podunavlje.info\/dir\/wp-json\/wp\/v2\/media?parent=123988"}],"wp:term":[{"taxonomy":"category","embeddable":true,"href":"https:\/\/www.podunavlje.info\/dir\/wp-json\/wp\/v2\/categories?post=123988"},{"taxonomy":"post_tag","embeddable":true,"href":"https:\/\/www.podunavlje.info\/dir\/wp-json\/wp\/v2\/tags?post=123988"}],"curies":[{"name":"wp","href":"https:\/\/api.w.org\/{rel}","templated":true}]}}