{"id":123918,"date":"2026-08-30T13:44:18","date_gmt":"2026-08-30T12:44:18","guid":{"rendered":"https:\/\/www.podunavlje.info\/dir\/?p=123918"},"modified":"2026-08-30T13:44:18","modified_gmt":"2026-08-30T12:44:18","slug":"prva-privredna-izlozba-branicevskog-i-podunavskog-upravnog-okruga","status":"publish","type":"post","link":"https:\/\/www.podunavlje.info\/dir\/2026\/08\/30\/prva-privredna-izlozba-branicevskog-i-podunavskog-upravnog-okruga\/","title":{"rendered":"Prva privredna izlo\u017eba Brani\u010devskog i Podunavskog upravnog okruga"},"content":{"rendered":"<p>30. avgust 2026 &#8211; Privredna komora Srbije &#8211; Regionalna privredna komora Brani\u010devskog i Podunavskog upravnog okruga najavila je organizovanje Prve privredne izlo\u017ebe regiona, koja \u0107e 5. septembra biti odr\u017eana u Ergeli Ljubi\u010devo u Po\u017earevcu.<\/p>\n<p>Na jednom mestu, pod sloganom \u201eKoreni \u2013 razvoj \u2013 digitalizacija\u201c, bi\u0107e predstavljene kompanije, proizvodi i potencijali Brani\u010devskog i Podunavskog okruga, uz povezivanje privrede, turizma, tradicije i kulture.<\/p>\n<p>Na izlo\u017ebi \u0107e se predstaviti i turisti\u010dke organizacije lokalnih samouprava sa podru\u010dja regiona: Po\u017earevca, Smedereva, \u017dabara, Velikog Gradi\u0161ta, Golupca, Ku\u010deva, \u017dagubice, Malog Crni\u0107a, Petrovca na Mlavi, Velike Plane i Smederevske Palanke.<\/p>\n<p>Centralna ideja izlo\u017ebe, kako obja\u0161njavaju organizatori\u00a0 i kako sam slogan izlo\u017ebe ka\u017ee, zasniva se na simbolici korena, stabla i kro\u0161nje. Koren predstavlja tradiciju i znanje, stablo razvoj i kompanije koje danas nose privredu regiona, dok kro\u0161nja simbolizuje budu\u0107nost, digitalizaciju i nove generacije preduzetnika.<\/p>\n","protected":false},"excerpt":{"rendered":"<p>30. avgust 2026 &#8211; Privredna komora Srbije &#8211; Regionalna privredna komora Brani\u010devskog i Podunavskog upravnog okruga najavila je organizovanje Prve privredne izlo\u017ebe regiona, koja \u0107e 5. septembra biti odr\u017eana u Ergeli Ljubi\u010devo u Po\u017earevcu. Na jednom mestu, pod sloganom \u201eKoreni \u2013 razvoj \u2013 digitalizacija\u201c, bi\u0107e predstavljene kompanije, proizvodi i potencijali Brani\u010devskog i Podunavskog okruga, uz [&hellip;]<\/p>\n","protected":false},"author":5,"featured_media":123919,"comment_status":"open","ping_status":"closed","sticky":false,"template":"","format":"standard","meta":{"footnotes":""},"categories":[84],"tags":[24243,24242],"class_list":["post-123918","post","type-post","status-publish","format-standard","has-post-thumbnail","hentry","category-privreda","tag-prva-privredna-izlozba-branicevskog-i-podunavskog-upravnog-okruga","tag-regionalna-privredna-komora-branicevskog-i-podunavskog-upravnog-okruga"],"yoast_head":"<!-- This site is optimized with the Yoast SEO plugin v28.4 - https:\/\/yoast.com\/product\/yoast-seo-wordpress\/ -->\n<title>Prva privredna izlo\u017eba Brani\u010devskog i Podunavskog upravnog okruga -<\/title>\n<meta name=\"robots\" content=\"index, follow, max-snippet:-1, max-image-preview:large, max-video-preview:-1\" \/>\n<link rel=\"canonical\" href=\"https:\/\/www.podunavlje.info\/dir\/2026\/08\/30\/prva-privredna-izlozba-branicevskog-i-podunavskog-upravnog-okruga\/\" \/>\n<meta property=\"og:locale\" content=\"sr_RS\" \/>\n<meta property=\"og:type\" content=\"article\" \/>\n<meta property=\"og:title\" content=\"Prva privredna izlo\u017eba Brani\u010devskog i Podunavskog upravnog okruga -\" \/>\n<meta property=\"og:description\" content=\"30. avgust 2026 &#8211; Privredna komora Srbije &#8211; Regionalna privredna komora Brani\u010devskog i Podunavskog upravnog okruga najavila je organizovanje Prve privredne izlo\u017ebe regiona, koja \u0107e 5. septembra biti odr\u017eana u Ergeli Ljubi\u010devo u Po\u017earevcu. Na jednom mestu, pod sloganom \u201eKoreni \u2013 razvoj \u2013 digitalizacija\u201c, bi\u0107e predstavljene kompanije, proizvodi i potencijali Brani\u010devskog i Podunavskog okruga, uz [&hellip;]\" \/>\n<meta property=\"og:url\" content=\"https:\/\/www.podunavlje.info\/dir\/2026\/08\/30\/prva-privredna-izlozba-branicevskog-i-podunavskog-upravnog-okruga\/\" \/>\n<meta property=\"article:publisher\" content=\"https:\/\/www.facebook.com\/podunavlje.info\/\" \/>\n<meta property=\"article:published_time\" content=\"2026-08-30T12:44:18+00:00\" \/>\n<meta property=\"og:image\" content=\"https:\/\/www.podunavlje.info\/dir\/wp-content\/uploads\/2026\/08\/prva-rgionalna-izlozba.webp\" \/>\n\t<meta property=\"og:image:width\" content=\"840\" \/>\n\t<meta property=\"og:image:height\" content=\"480\" \/>\n\t<meta property=\"og:image:type\" content=\"image\/webp\" \/>\n<meta name=\"author\" content=\"Redakcija\" \/>\n<meta name=\"twitter:card\" content=\"summary_large_image\" \/>\n<meta name=\"twitter:creator\" content=\"@PodunavljeInfo\" \/>\n<meta name=\"twitter:site\" content=\"@PodunavljeInfo\" \/>\n<meta name=\"twitter:label1\" content=\"Napisano od\" \/>\n\t<meta name=\"twitter:data1\" content=\"Redakcija\" \/>\n\t<meta name=\"twitter:label2\" content=\"Procenjeno vreme \u010ditanja\" \/>\n\t<meta name=\"twitter:data2\" content=\"1 minut\" \/>\n<script type=\"application\/ld+json\" class=\"yoast-schema-graph\">{\"@context\":\"https:\\\/\\\/schema.org\",\"@graph\":[{\"@type\":\"Article\",\"@id\":\"https:\\\/\\\/www.podunavlje.info\\\/dir\\\/2026\\\/08\\\/30\\\/prva-privredna-izlozba-branicevskog-i-podunavskog-upravnog-okruga\\\/#article\",\"isPartOf\":{\"@id\":\"https:\\\/\\\/www.podunavlje.info\\\/dir\\\/2026\\\/08\\\/30\\\/prva-privredna-izlozba-branicevskog-i-podunavskog-upravnog-okruga\\\/\"},\"author\":{\"name\":\"Redakcija\",\"@id\":\"https:\\\/\\\/www.podunavlje.info\\\/dir\\\/#\\\/schema\\\/person\\\/454a0d6f0754c295c90a7b1c0e03bd30\"},\"headline\":\"Prva privredna izlo\u017eba Brani\u010devskog i Podunavskog upravnog okruga\",\"datePublished\":\"2026-08-30T12:44:18+00:00\",\"mainEntityOfPage\":{\"@id\":\"https:\\\/\\\/www.podunavlje.info\\\/dir\\\/2026\\\/08\\\/30\\\/prva-privredna-izlozba-branicevskog-i-podunavskog-upravnog-okruga\\\/\"},\"wordCount\":161,\"commentCount\":0,\"image\":{\"@id\":\"https:\\\/\\\/www.podunavlje.info\\\/dir\\\/2026\\\/08\\\/30\\\/prva-privredna-izlozba-branicevskog-i-podunavskog-upravnog-okruga\\\/#primaryimage\"},\"thumbnailUrl\":\"https:\\\/\\\/www.podunavlje.info\\\/dir\\\/wp-content\\\/uploads\\\/2026\\\/08\\\/prva-rgionalna-izlozba.webp\",\"keywords\":[\"Prva privredna izlo\u017eba Brani\u010devskog i Podunavskog upravnog okruga\",\"Regionalna privredna komora Brani\u010devskog i Podunavskog upravnog okruga\"],\"articleSection\":[\"PRIVREDA\"],\"inLanguage\":\"sr-RS\",\"potentialAction\":[{\"@type\":\"CommentAction\",\"name\":\"Comment\",\"target\":[\"https:\\\/\\\/www.podunavlje.info\\\/dir\\\/2026\\\/08\\\/30\\\/prva-privredna-izlozba-branicevskog-i-podunavskog-upravnog-okruga\\\/#respond\"]}]},{\"@type\":\"WebPage\",\"@id\":\"https:\\\/\\\/www.podunavlje.info\\\/dir\\\/2026\\\/08\\\/30\\\/prva-privredna-izlozba-branicevskog-i-podunavskog-upravnog-okruga\\\/\",\"url\":\"https:\\\/\\\/www.podunavlje.info\\\/dir\\\/2026\\\/08\\\/30\\\/prva-privredna-izlozba-branicevskog-i-podunavskog-upravnog-okruga\\\/\",\"name\":\"Prva privredna izlo\u017eba Brani\u010devskog i Podunavskog upravnog okruga -\",\"isPartOf\":{\"@id\":\"https:\\\/\\\/www.podunavlje.info\\\/dir\\\/#website\"},\"primaryImageOfPage\":{\"@id\":\"https:\\\/\\\/www.podunavlje.info\\\/dir\\\/2026\\\/08\\\/30\\\/prva-privredna-izlozba-branicevskog-i-podunavskog-upravnog-okruga\\\/#primaryimage\"},\"image\":{\"@id\":\"https:\\\/\\\/www.podunavlje.info\\\/dir\\\/2026\\\/08\\\/30\\\/prva-privredna-izlozba-branicevskog-i-podunavskog-upravnog-okruga\\\/#primaryimage\"},\"thumbnailUrl\":\"https:\\\/\\\/www.podunavlje.info\\\/dir\\\/wp-content\\\/uploads\\\/2026\\\/08\\\/prva-rgionalna-izlozba.webp\",\"datePublished\":\"2026-08-30T12:44:18+00:00\",\"author\":{\"@id\":\"https:\\\/\\\/www.podunavlje.info\\\/dir\\\/#\\\/schema\\\/person\\\/454a0d6f0754c295c90a7b1c0e03bd30\"},\"breadcrumb\":{\"@id\":\"https:\\\/\\\/www.podunavlje.info\\\/dir\\\/2026\\\/08\\\/30\\\/prva-privredna-izlozba-branicevskog-i-podunavskog-upravnog-okruga\\\/#breadcrumb\"},\"inLanguage\":\"sr-RS\",\"potentialAction\":[{\"@type\":\"ReadAction\",\"target\":[\"https:\\\/\\\/www.podunavlje.info\\\/dir\\\/2026\\\/08\\\/30\\\/prva-privredna-izlozba-branicevskog-i-podunavskog-upravnog-okruga\\\/\"]}]},{\"@type\":\"ImageObject\",\"inLanguage\":\"sr-RS\",\"@id\":\"https:\\\/\\\/www.podunavlje.info\\\/dir\\\/2026\\\/08\\\/30\\\/prva-privredna-izlozba-branicevskog-i-podunavskog-upravnog-okruga\\\/#primaryimage\",\"url\":\"https:\\\/\\\/www.podunavlje.info\\\/dir\\\/wp-content\\\/uploads\\\/2026\\\/08\\\/prva-rgionalna-izlozba.webp\",\"contentUrl\":\"https:\\\/\\\/www.podunavlje.info\\\/dir\\\/wp-content\\\/uploads\\\/2026\\\/08\\\/prva-rgionalna-izlozba.webp\",\"width\":840,\"height\":480},{\"@type\":\"BreadcrumbList\",\"@id\":\"https:\\\/\\\/www.podunavlje.info\\\/dir\\\/2026\\\/08\\\/30\\\/prva-privredna-izlozba-branicevskog-i-podunavskog-upravnog-okruga\\\/#breadcrumb\",\"itemListElement\":[{\"@type\":\"ListItem\",\"position\":1,\"name\":\"Home\",\"item\":\"https:\\\/\\\/www.podunavlje.info\\\/dir\\\/\"},{\"@type\":\"ListItem\",\"position\":2,\"name\":\"Prva privredna izlo\u017eba Brani\u010devskog i Podunavskog upravnog okruga\"}]},{\"@type\":\"WebSite\",\"@id\":\"https:\\\/\\\/www.podunavlje.info\\\/dir\\\/#website\",\"url\":\"https:\\\/\\\/www.podunavlje.info\\\/dir\\\/\",\"name\":\"\",\"description\":\"\",\"potentialAction\":[{\"@type\":\"SearchAction\",\"target\":{\"@type\":\"EntryPoint\",\"urlTemplate\":\"https:\\\/\\\/www.podunavlje.info\\\/dir\\\/?s={search_term_string}\"},\"query-input\":{\"@type\":\"PropertyValueSpecification\",\"valueRequired\":true,\"valueName\":\"search_term_string\"}}],\"inLanguage\":\"sr-RS\"},{\"@type\":\"Person\",\"@id\":\"https:\\\/\\\/www.podunavlje.info\\\/dir\\\/#\\\/schema\\\/person\\\/454a0d6f0754c295c90a7b1c0e03bd30\",\"name\":\"Redakcija\",\"sameAs\":[\"http:\\\/\\\/podunavlje.info\"],\"url\":\"https:\\\/\\\/www.podunavlje.info\\\/dir\\\/author\\\/redakcija\\\/\"}]}<\/script>\n<!-- \/ Yoast SEO plugin. -->","yoast_head_json":{"title":"Prva privredna izlo\u017eba Brani\u010devskog i Podunavskog upravnog okruga -","robots":{"index":"index","follow":"follow","max-snippet":"max-snippet:-1","max-image-preview":"max-image-preview:large","max-video-preview":"max-video-preview:-1"},"canonical":"https:\/\/www.podunavlje.info\/dir\/2026\/08\/30\/prva-privredna-izlozba-branicevskog-i-podunavskog-upravnog-okruga\/","og_locale":"sr_RS","og_type":"article","og_title":"Prva privredna izlo\u017eba Brani\u010devskog i Podunavskog upravnog okruga -","og_description":"30. avgust 2026 &#8211; Privredna komora Srbije &#8211; Regionalna privredna komora Brani\u010devskog i Podunavskog upravnog okruga najavila je organizovanje Prve privredne izlo\u017ebe regiona, koja \u0107e 5. septembra biti odr\u017eana u Ergeli Ljubi\u010devo u Po\u017earevcu. Na jednom mestu, pod sloganom \u201eKoreni \u2013 razvoj \u2013 digitalizacija\u201c, bi\u0107e predstavljene kompanije, proizvodi i potencijali Brani\u010devskog i Podunavskog okruga, uz [&hellip;]","og_url":"https:\/\/www.podunavlje.info\/dir\/2026\/08\/30\/prva-privredna-izlozba-branicevskog-i-podunavskog-upravnog-okruga\/","article_publisher":"https:\/\/www.facebook.com\/podunavlje.info\/","article_published_time":"2026-08-30T12:44:18+00:00","og_image":[{"width":840,"height":480,"url":"https:\/\/www.podunavlje.info\/dir\/wp-content\/uploads\/2026\/08\/prva-rgionalna-izlozba.webp","type":"image\/webp"}],"author":"Redakcija","twitter_card":"summary_large_image","twitter_creator":"@PodunavljeInfo","twitter_site":"@PodunavljeInfo","twitter_misc":{"Napisano od":"Redakcija","Procenjeno vreme \u010ditanja":"1 minut"},"schema":{"@context":"https:\/\/schema.org","@graph":[{"@type":"Article","@id":"https:\/\/www.podunavlje.info\/dir\/2026\/08\/30\/prva-privredna-izlozba-branicevskog-i-podunavskog-upravnog-okruga\/#article","isPartOf":{"@id":"https:\/\/www.podunavlje.info\/dir\/2026\/08\/30\/prva-privredna-izlozba-branicevskog-i-podunavskog-upravnog-okruga\/"},"author":{"name":"Redakcija","@id":"https:\/\/www.podunavlje.info\/dir\/#\/schema\/person\/454a0d6f0754c295c90a7b1c0e03bd30"},"headline":"Prva privredna izlo\u017eba Brani\u010devskog i Podunavskog upravnog okruga","datePublished":"2026-08-30T12:44:18+00:00","mainEntityOfPage":{"@id":"https:\/\/www.podunavlje.info\/dir\/2026\/08\/30\/prva-privredna-izlozba-branicevskog-i-podunavskog-upravnog-okruga\/"},"wordCount":161,"commentCount":0,"image":{"@id":"https:\/\/www.podunavlje.info\/dir\/2026\/08\/30\/prva-privredna-izlozba-branicevskog-i-podunavskog-upravnog-okruga\/#primaryimage"},"thumbnailUrl":"https:\/\/www.podunavlje.info\/dir\/wp-content\/uploads\/2026\/08\/prva-rgionalna-izlozba.webp","keywords":["Prva privredna izlo\u017eba Brani\u010devskog i Podunavskog upravnog okruga","Regionalna privredna komora Brani\u010devskog i Podunavskog upravnog okruga"],"articleSection":["PRIVREDA"],"inLanguage":"sr-RS","potentialAction":[{"@type":"CommentAction","name":"Comment","target":["https:\/\/www.podunavlje.info\/dir\/2026\/08\/30\/prva-privredna-izlozba-branicevskog-i-podunavskog-upravnog-okruga\/#respond"]}]},{"@type":"WebPage","@id":"https:\/\/www.podunavlje.info\/dir\/2026\/08\/30\/prva-privredna-izlozba-branicevskog-i-podunavskog-upravnog-okruga\/","url":"https:\/\/www.podunavlje.info\/dir\/2026\/08\/30\/prva-privredna-izlozba-branicevskog-i-podunavskog-upravnog-okruga\/","name":"Prva privredna izlo\u017eba Brani\u010devskog i Podunavskog upravnog okruga -","isPartOf":{"@id":"https:\/\/www.podunavlje.info\/dir\/#website"},"primaryImageOfPage":{"@id":"https:\/\/www.podunavlje.info\/dir\/2026\/08\/30\/prva-privredna-izlozba-branicevskog-i-podunavskog-upravnog-okruga\/#primaryimage"},"image":{"@id":"https:\/\/www.podunavlje.info\/dir\/2026\/08\/30\/prva-privredna-izlozba-branicevskog-i-podunavskog-upravnog-okruga\/#primaryimage"},"thumbnailUrl":"https:\/\/www.podunavlje.info\/dir\/wp-content\/uploads\/2026\/08\/prva-rgionalna-izlozba.webp","datePublished":"2026-08-30T12:44:18+00:00","author":{"@id":"https:\/\/www.podunavlje.info\/dir\/#\/schema\/person\/454a0d6f0754c295c90a7b1c0e03bd30"},"breadcrumb":{"@id":"https:\/\/www.podunavlje.info\/dir\/2026\/08\/30\/prva-privredna-izlozba-branicevskog-i-podunavskog-upravnog-okruga\/#breadcrumb"},"inLanguage":"sr-RS","potentialAction":[{"@type":"ReadAction","target":["https:\/\/www.podunavlje.info\/dir\/2026\/08\/30\/prva-privredna-izlozba-branicevskog-i-podunavskog-upravnog-okruga\/"]}]},{"@type":"ImageObject","inLanguage":"sr-RS","@id":"https:\/\/www.podunavlje.info\/dir\/2026\/08\/30\/prva-privredna-izlozba-branicevskog-i-podunavskog-upravnog-okruga\/#primaryimage","url":"https:\/\/www.podunavlje.info\/dir\/wp-content\/uploads\/2026\/08\/prva-rgionalna-izlozba.webp","contentUrl":"https:\/\/www.podunavlje.info\/dir\/wp-content\/uploads\/2026\/08\/prva-rgionalna-izlozba.webp","width":840,"height":480},{"@type":"BreadcrumbList","@id":"https:\/\/www.podunavlje.info\/dir\/2026\/08\/30\/prva-privredna-izlozba-branicevskog-i-podunavskog-upravnog-okruga\/#breadcrumb","itemListElement":[{"@type":"ListItem","position":1,"name":"Home","item":"https:\/\/www.podunavlje.info\/dir\/"},{"@type":"ListItem","position":2,"name":"Prva privredna izlo\u017eba Brani\u010devskog i Podunavskog upravnog okruga"}]},{"@type":"WebSite","@id":"https:\/\/www.podunavlje.info\/dir\/#website","url":"https:\/\/www.podunavlje.info\/dir\/","name":"","description":"","potentialAction":[{"@type":"SearchAction","target":{"@type":"EntryPoint","urlTemplate":"https:\/\/www.podunavlje.info\/dir\/?s={search_term_string}"},"query-input":{"@type":"PropertyValueSpecification","valueRequired":true,"valueName":"search_term_string"}}],"inLanguage":"sr-RS"},{"@type":"Person","@id":"https:\/\/www.podunavlje.info\/dir\/#\/schema\/person\/454a0d6f0754c295c90a7b1c0e03bd30","name":"Redakcija","sameAs":["http:\/\/podunavlje.info"],"url":"https:\/\/www.podunavlje.info\/dir\/author\/redakcija\/"}]}},"_links":{"self":[{"href":"https:\/\/www.podunavlje.info\/dir\/wp-json\/wp\/v2\/posts\/123918","targetHints":{"allow":["GET"]}}],"collection":[{"href":"https:\/\/www.podunavlje.info\/dir\/wp-json\/wp\/v2\/posts"}],"about":[{"href":"https:\/\/www.podunavlje.info\/dir\/wp-json\/wp\/v2\/types\/post"}],"author":[{"embeddable":true,"href":"https:\/\/www.podunavlje.info\/dir\/wp-json\/wp\/v2\/users\/5"}],"replies":[{"embeddable":true,"href":"https:\/\/www.podunavlje.info\/dir\/wp-json\/wp\/v2\/comments?post=123918"}],"version-history":[{"count":1,"href":"https:\/\/www.podunavlje.info\/dir\/wp-json\/wp\/v2\/posts\/123918\/revisions"}],"predecessor-version":[{"id":123920,"href":"https:\/\/www.podunavlje.info\/dir\/wp-json\/wp\/v2\/posts\/123918\/revisions\/123920"}],"wp:featuredmedia":[{"embeddable":true,"href":"https:\/\/www.podunavlje.info\/dir\/wp-json\/wp\/v2\/media\/123919"}],"wp:attachment":[{"href":"https:\/\/www.podunavlje.info\/dir\/wp-json\/wp\/v2\/media?parent=123918"}],"wp:term":[{"taxonomy":"category","embeddable":true,"href":"https:\/\/www.podunavlje.info\/dir\/wp-json\/wp\/v2\/categories?post=123918"},{"taxonomy":"post_tag","embeddable":true,"href":"https:\/\/www.podunavlje.info\/dir\/wp-json\/wp\/v2\/tags?post=123918"}],"curies":[{"name":"wp","href":"https:\/\/api.w.org\/{rel}","templated":true}]}}