{"id":123866,"date":"2026-08-28T14:57:32","date_gmt":"2026-08-28T13:57:32","guid":{"rendered":"https:\/\/www.podunavlje.info\/dir\/?p=123866"},"modified":"2026-08-28T14:57:32","modified_gmt":"2026-08-28T13:57:32","slug":"milos-przic-zivot-bez-tajm-auta-ili","status":"publish","type":"post","link":"https:\/\/www.podunavlje.info\/dir\/2026\/08\/28\/milos-przic-zivot-bez-tajm-auta-ili\/","title":{"rendered":"Milo\u0161 Pr\u017ei\u0107 \u2013 \u017eivot bez tajm-auta ili&#8230;"},"content":{"rendered":"<p>28. avgust 2026 &#8211; Milo\u0161 Pr\u017ei\u0107 je od maja ove godine doktor nauka, radi na Institutu za knji\u017eevnost i umetnost u Beogradu, putuje na posao i zbog posla, bavi se humanitarnim radom, sportom, trenira, nesu\u0111eni je d\u017eudista, svira harmoniku i frulu\u2026 I, da. Slep je od ro\u0111enja.<\/p>\n<p>&#8211; Ro\u0111en sam u zimu 1989. godine, ka\u017eu da je ba\u0161 bila o\u0161tra, posebno tog dana. Ro\u0111en sam ranije nego \u0161to se planiralo, u sedmom mesecu maj\u010dine trudno\u0107e, pa me je to dovelo u inkubator. Taj socrealisti\u010dki inkubator &#8211; ili mo\u017eda medicinsko osoblje \u2013 zakazali su, pa sam potpuno ostao bez vida na oba oka. Urotile se, dakle, i meteorolo\u0161ke i kazuisti\u010dke okolnosti, ali je beba od kilogram i po, sa koliko sam ro\u0111en, ispala \u017eilava, nije tako naizgled krhka dala da je sve to skrha. Moji roditelji su se trudili da detinjstvo provedem \u0161to sli\u010dnije drugoj deci, da ne osetim da sam po ne\u010demu druga\u010diji od njih. Tako sam vozio bicikl, padao, igrao se sa drugom decom, u \u0161ali volim da ka\u017eem da su mi najbolje i\u0161le \u017emurke i \u0107orave bake. Slepo\u0107u sam, dakle, shvatao i prihvatao lagano i neosetno. Bez ikakvih edukativnih materijala, uputstava, Interneta, moji su roditelji te\u017eili da mi sve objasne postepeno, slu\u0161ali su svoju intuiciju i borili se samo za to da normalno odrastem i da normalno \u017eivim. Neizmerno im hvala na tome! Da ne be\u0161e toga, ni\u0161ta od ovoga gde sam sada ne bi bilo.<\/p>\n<p>Inkluzija je, obja\u0161njava Milo\u0161, u ta doba bila samo latinska re\u010d, tako da nije bilo mnogo izbora, ve\u0107 je morao da poha\u0111a \u0161kolu za u\u010denike o\u0161te\u0107enog vida \u201eVeljko Ramadanovi\u0107\u201c u Zemunu, \u0161to je zna\u010dilo odvajanje od porodice sa sedam godina.<\/p>\n<p>&#8211; Internatski \u017eivot je pri\u010da za sebe, valjda bi o njemu mogla da se napi\u0161e \u010ditava jedna memoarska vi\u0161etomna knjiga. Jedan moj poznanik, \u010dovek u ve\u0107 ozbiljnijim godinama pa otuda i zna da artikuli\u0161e stvari na na\u010din na koji ja jo\u0161 ne znam, taj \u017eivot svodi na slede\u0107e: \u201eU internatu \u010dovek nau\u010di da jede i kad nije gladan, jer nikad nije dovoljno sit\u201c. Zaista, nije takav \u017eivot zdrav za dete izme\u0111u sedme i petnaeste godine \u017eivota. Porodica nedostaje, iako su moji te\u017eili da mi uvek budu tu negde, vodili me ku\u0107i skoro svakog vikenda i po najve\u0107oj bedi kraja devedesetih godina i onog takozvanog oporavka po\u010detkom ovog novog milenijuma, po snegu, ki\u0161i, vru\u0107ini. Ali kod ku\u0107e si dva dana, ostalo je milost i nemilost zakona pesnice. Bunili bi se onovremeni pedagozi i nostalgi\u010dari, vole da tvrde kako je u \u0161koli bilo prelepo i savr\u0161eno. Jeste bilo lepih trenutaka, jesu prijateljstva u takvim uslovima sli\u010dna onima u vojsci, na frontu pa mo\u017eda i na robiji, u smislu da su sna\u017ena i te\u0161ko raskidiva, ali detetu ipak ni\u0161ta ne mo\u017ee da zameni sigurnost u koju se iz \u0161kole vra\u0107a kakvu mo\u017ee da mu pru\u017ei samo porodi\u010dni dom. Zato sam, \u010dim sam imao izbora, odlu\u010dio da se vratim u moje Smederevo.<\/p>\n<p>\u0160kola u Zemunu nudila je neke mogu\u0107nosti srednjeg obrazovanja, po redovnom programu. Kao \u0161to se mogla upisati bilo koja srednja \u0161kola nakon zavr\u0161ene osnovne u Zemunu, po redovnom programu, tako se isto moglo i na studije nakon zavr\u0161enih smerova koje je nudila i zemunska \u0161kola. Iako bi to bilo izvodljivo, i premda ima uspe\u0161nih ljudi koji su na taj na\u010din nastavili \u0161kolovanje, Milo\u0161 je odabrao da se upi\u0161e u smederevsku Gimnaziju.<\/p>\n<p><img fetchpriority=\"high\" decoding=\"async\" class=\"size-full wp-image-123868 alignright\" src=\"https:\/\/www.podunavlje.info\/dir\/wp-content\/uploads\/2026\/08\/Milos-Przic-3.webp\" alt=\"\" width=\"294\" height=\"385\" srcset=\"https:\/\/www.podunavlje.info\/dir\/wp-content\/uploads\/2026\/08\/Milos-Przic-3.webp 294w, https:\/\/www.podunavlje.info\/dir\/wp-content\/uploads\/2026\/08\/Milos-Przic-3-214x280.webp 214w\" sizes=\"(max-width: 294px) 100vw, 294px\" \/>&#8211; Poseban razlog za to jeste filolo\u0161ki smer koji sam \u017earko \u017eeleo da upi\u0161em. Postoji i tu jedna anegdotska pozadina. Naime, u ta doba sam svirao harmoniku, uporedo sa osnovnom \u0161kolom zavr\u0161avao sam i ni\u017eu muzi\u010dku. Bilo je to istureno odeljenje \u0161kole \u201eKosta Manojlovi\u0107\u201c u Zemunu, koje je pridodato \u0161koli \u201eVeljko Ramadanovi\u0107\u201c kako bi slepim u\u010denicima bilo olak\u0161ano poha\u0111anje, posebno zato \u0161to je u to vreme dijapazon mogu\u0107nosti obrazovanja pa kasnije i za rad slepog \u010doveka bio ne\u0161to ograni\u010deniji nego danas. I\u0161lo mi je dobro, do mere da sam 2001. godine, u \u0161estom razredu osnovne i \u010detvrtom muzi\u010dke \u0161kole, oti\u0161ao na me\u0111unarodno takmi\u010denje u Italiju, u Kastelfidardo, jedno od najpresti\u017enijih harmonika\u0161kih takmi\u010denja. Nisam se tamo ba\u0161 proslavio, \u0161to zbog lo\u0161e harmonike, \u0161to zbog sujete nekih profesora \u010dija imena svi znaju, a koja su na taj na\u010din izgleda i stekli. Tada se u meni prelomilo, se\u0107am se, bila je no\u0107, ispred hotela neka tu\u010da, deru se Italijani, a ja ne mogu da spavam po\u0161to duboko razmi\u0161ljam o sebi, pitam se \u0161ta \u0107e mi sve ovo kad se toliko namu\u010dih, a rezultat nikakav, i to bar da je sve i\u0161lo pravilno i pravedno. Sve i da jeste, mi iz Srbije se nismo ne\u0161to posebno plasirali. Kako dalje? U odnosu na koga i na \u0161ta se meriti, i ko, na kraju, da me u\u010di, kad dalje od ovoga tu gde sam ne mo\u017ee? I \u0161ta kasnije? Naravno, ovo poslednje kao dete jesam mogao najjasnije da artikuli\u0161em, ali te no\u0107i sam re\u0161io da \u0107u da gledam i druge mogu\u0107nosti, pa da, ako je mogu\u0107e, harmonika i ja ostanemo samo prijatelji, bez dubljeg vezivanja. Ali nisam znao \u0161ta \u0107u, nije bilo nekih prevelikih interesovanja osim toga, i svi su ra\u010dunali sa tim da \u0107u ja da nastavim da se bavim harmonikom. Onda, jednog dana, \u010dini mi se u osmom razredu, da li u napadu misticizma ili samo u pogodnom trenutku po Bo\u017ejoj volji, pro\u010ditam \u017eitije \u0106irila i Metodija, i tako se odu\u0161evim svim onim \u0161to je tamo opisano, a ti\u010de se prevo\u0111enja, pisanja, filologije uop\u0161te, da vi\u0161e nije bilo dileme; filologija!<\/p>\n<p>Milo\u0161 je zavr\u0161io filolo\u0161ko odeljenje Gimnazije u Smederevu, pa je potom upisao studije italijanskog na Filolo\u0161kom fakultetu u Beogradu., \u0161kolovanje nastavio u Italiji.<\/p>\n<p>&#8211; Tamo u Italiji, ne ba\u0161 one no\u0107i kad sam raskinuo sa harmonikom, nego tokom celog boravka, svideo mi se jezik. Svakakva razmi\u0161ljanja sam \u010duo o tom jeziku, ljudi mu se \u010desto smeju, \u0161ega\u010de se i prave viceve na ra\u010dun italijanskog, ali niko ne mo\u017ee da ospori njegovu lepotu. Tada sam rekao sebi da \u0107u taj jezik jednog dana da nau\u010dim. Dodu\u0161e, nisam mislio da \u0107u ba\u0161 da ga studiram, ali eto, tako ispade. Nakon toga, upisao sam master na fakultetu za pisano i usmeno prevo\u0111enje u Trstu, u ono vreme tako\u0111e jedan od presti\u017enijih fakulteta iz ove oblasti. Tamo sam bio tri godine, pa sam opet odlu\u010dio da se vratim, ali sam nai\u0161ao na velike probleme u tra\u017eenju posla. Ljudi ne \u017eele da razmotre bilo kakvu mogu\u0107nost da zaposle slepu osobu, pa makar ona imala sve potrebne kvalifikacije. Ne pitaju se kako je doti\u010dni mogao da nau\u010di to \u0161to je zavr\u0161io, ne razmi\u0161ljaju, jednostavno zatvaraju vrata ljudima pred nosom, pa makar pla\u0107ali penale dr\u017eavi zato \u0161to nemaju zaposlenu osobu sa invaliditetom na odre\u0111eni broj radnika. Drugi zaposle nekog sa minimalnim invaliditetom kako bi primali od dr\u017eave subvencije i sve ono \u0161to im je potrebno, a ima i onih toliko bahatih da otprilike ka\u017eu kako bi sve to bilo super zbog tih subvencija, samo kad biste mogli da radite ba\u0161 onaj deo posla koji ne mo\u017eete. Ali zaposlio sam se, nakon nekoliko godina mu\u010denja, u Regionalnom centru za profesionalni razvoj zaposlenih u obrazovanju ovde u Smederevu, i tu radio dve godine, na poslovima prevo\u0111enja i dr\u017eao kurseve italijanskog i engleskog.<\/p>\n<p>Kasnije mu se otvorila mogu\u0107nost da do\u0111e na Institut za knji\u017eevnost i umetnost gde i sada radi.<\/p>\n<p>&#8211; \u0160ef odeljenja na kome radim i tada\u0161nji direktor Bojan Jovi\u0107, objasnio mi je tada da zaposlenje na nau\u010dnom institutu podrazumeva napredovanje, ne\u0161to \u010dega ovde u Smederevu, u Regionalnom centru, po prirodi posla nije bilo, a \u0161to meni jeste bio motiv da tra\u017eim bolji posao. Master rad koji sam odbranio na fakultetu u Trstu sastojao se od prevoda tekstova iz oblasti dizajniranja i izgradnje ratnih brodova i podmornica. Nisam hteo da sa doktorskom diplomom radim negde kao prevodilac na poslovima koje sam sa masterom ve\u0107 radio, a nisam ni znao za mogu\u0107nosti stipendiranja i sve ono \u0161to se nudi. doktorandima, nije mi o tome niko govorio pre toga, jer ko bi hteo nije znao, a ko je znao nije hteo.<\/p>\n<p>Tema doktorske disertacije bila mu je\u201eIdentitet i alteritet u italijanskim putopisima o slovenskom Balkanu i njihova recepcija na \u201eisto\u010dnim obalama Jadrana\u201c\u201c.<\/p>\n<p>&#8211; Prevedeno na jezik normalnih, u disertaciji analiziram kako tri italijanska putopisca, Alberto Fortis, \u0110uzepe Barbanti Brodano i Bruno Barili, vide na\u0161u kulturu, na\u0161 identitet kroz prizmu sopstvenog identiteta. U maju sam odbranio doktorat, i pre manje od mesec dana kona\u010dno dobio zvanje nau\u010dnog saradnika. To u praksi zna\u010di ugovor na neodre\u0111eno vreme, kao i mogu\u0107nost da pi\u0161em projekte, ure\u0111ujem zbornike, organizujem nau\u010dne skupove. Svakako da kod nas treba promovisati italijanske pisce o kojima se zna ali koji se kod nas malo \u010ditaju. Isto tako, Ki\u0161, Andri\u0107, Crnjanski, prevo\u0111eni su u Italiji, ali pitanje je koliko se o njima zaista zna. Ne mogu da uti\u010dem na \u0161irenje znanja o na\u0161im piscima u Italiji, ali se nadam da \u0107e neki slavista, a nije da ih Italija nema, to u\u010diniti kao \u0161to ja \u017eelim da na\u0161im ljudima poka\u017eem da na\u0161e prekomorske kom\u0161ije i te kako imaju \u0161ta da ka\u017eu.<\/p>\n<p>Ovaj mo\u017eda idealisti\u010dan pristup nauci, kako sam ka\u017ee, vi\u0161e je rotarijanski, da\u0161 ono \u0161to mo\u017ee\u0161 da bi se negde na drugu stranu vratilo. I tako dolazimo do Milo\u0161evog humanitarnog rada.<\/p>\n<p><img decoding=\"async\" class=\" wp-image-123876 alignright\" src=\"https:\/\/www.podunavlje.info\/dir\/wp-content\/uploads\/2026\/08\/milos-przic-8.webp\" alt=\"\" width=\"473\" height=\"498\" srcset=\"https:\/\/www.podunavlje.info\/dir\/wp-content\/uploads\/2026\/08\/milos-przic-8.webp 621w, https:\/\/www.podunavlje.info\/dir\/wp-content\/uploads\/2026\/08\/milos-przic-8-266x280.webp 266w, https:\/\/www.podunavlje.info\/dir\/wp-content\/uploads\/2026\/08\/milos-przic-8-617x650.webp 617w\" sizes=\"(max-width: 473px) 100vw, 473px\" \/>&#8211; To sam prepoznao u Rotariju, pored mogu\u0107nosti da ostvarim brojne kontakte i ispunim jedan od svojih ciljeva, koji inkluziju dovodi do prakti\u010dne primene. Mnoga razvijena dru\u0161tva prave veliku gre\u0161ku prema ljudima sa invaliditetom, \u0161to mi kao dru\u0161tvo ne bismo smeli da dozvolimo. Bez obzira da li su to monarhije, republike, da li je na vlasti levi ili desni centar, pa \u010dak i ekstremnije strane, tendencija razvijenih dru\u0161tava je postala slede\u0107a. Invalidima se obezbedi infrastruktura, mogu\u0107nosti obrazovanja, daju im se razne olak\u0161ice, ali se nekako od njih o\u010dekuje i ohrabruju se da funkcioni\u0161u isklju\u010divo u sopstvenim krugovima. Tome su, istina, \u010desto krivi i sami invalidi. Kad nai\u0111em na uspe\u0161nu slepu osobu iz. recimo, Velike Britanije, Nema\u010dke, Austrije, Italije, ali i SAD, \u010desto \u0107e radno mesto te osobe biti usko vezano za inkluziju, osobe sa invaliditetom i sli\u010dno. Premalo je ljudi koji rade van tih krugova, a upravo je to klju\u010d afirmacije i inkluzije koje su svima puna usta. Do\u0161lo je vreme kada treba pomagati spolja. Otud ja u Rotariju, pre svega, da bih, kako rekoh, sklopio poznanstva sa ljudima iz najrazli\u010ditijih oblasti, a onda i da se ne\u0161to uradi za \u0161iru zajednicu, ne nu\u017eno i ne samo za one sa invaliditetom. Kao \u0161to \u017eelim da razbijem predrasudu da je slep \u010dovek sposoban samo da svira, harmoniku, frulu, gusle, isto tako \u017eelim da razbijem predrasudu da je Rotari okultna, masonska organizacija. Ne, to je organizacija koja okuplja ljude iz najrazli\u010ditijih oblasti i bavi se humanitarnim projektima odr\u017eivog razvoja. Cilj tih projekata je da se obuhvati \u0161to ve\u0107i broj ljudi. Ono \u0161to, ako ba\u0161 ho\u0107emo, najvi\u0161e podse\u0107a na masoneriju jeste upravo ta umre\u017eenost; gde god da se Rotarijanac na\u0111e u svetu i obrati se lokalnom Rotari klubu, nai\u0111e na toplu dobrodo\u0161licu i prijem kao da se javio rodbini. Dva su, dakle, stuba na kojima funkcioni\u0161e Rotari, slu\u017eenje i dru\u017eenje. Samo na taj na\u010din je Rotari internacionala do\u0161la dotle da je na pragu iskorenjivanja de\u010dje paralize, Polio fond je jedan od najja\u010dih u Rotari fondaciji, a mnogi Rotarijanci na terenu volontiraju vakcini\u0161u\u0107i decu protiv de\u010dje paralize tamo gde ta vakcina jo\u0161 nije dostupna.<\/p>\n<p>Od jula ove godine, skromno ka\u017ee, ukazana mu je ta \u010dast i poverena odgovornost da predsedava Rotari klubom Smederevo.<\/p>\n<p>&#8211; Ne\u0161to najve\u0107e \u0161to je klub uradio od kada sam ja u njemu jeste opremanje urgentnog bloka u Smederevu krevetima, defibrilatorima i drugim neophodnim sredstvima. To samo zna\u010di da imam tim kvalitetnih ljudi oko sebe, te se tako nadam da rezultati ne\u0107e izostati.<\/p>\n<p>Bavljenje muzikom, studiranje, potom i i priroda posla kojim se bavi, ali I strast za putovanjima, vodila su Milo\u0161a na razne strane.<\/p>\n<p><img decoding=\"async\" class=\"wp-image-123882 alignright\" src=\"https:\/\/www.podunavlje.info\/dir\/wp-content\/uploads\/2026\/08\/Milos-Przic-10.webp\" alt=\"\" width=\"301\" height=\"535\" srcset=\"https:\/\/www.podunavlje.info\/dir\/wp-content\/uploads\/2026\/08\/Milos-Przic-10.webp 372w, https:\/\/www.podunavlje.info\/dir\/wp-content\/uploads\/2026\/08\/Milos-Przic-10-158x280.webp 158w, https:\/\/www.podunavlje.info\/dir\/wp-content\/uploads\/2026\/08\/Milos-Przic-10-366x650.webp 366w\" sizes=\"(max-width: 301px) 100vw, 301px\" \/>&#8211; Jesam dosta putovao, premda nisam nikada bio van Evrope. Ako ne ra\u010dunamo Trst u kome sam \u017eiveo tri godine, putovao sam raznim povodima, najvi\u0161e sa Ansamblom narodnih igara i pesama Smederevo, u kome sam godinama svirao frulu. Rumunija, \u010ce\u0161ka, Nema\u010dka, dvaput Poljska, a onda Portugalija, tri dana autobusom u jednom smeru. To su epske avanture koje se pamte celog \u017eivota, gde \u010dovek upozna vr\u0161njake iz celog sveta, od Tajvana do Perua. U Madrid sam i\u0161ao kao predstavnik Saveza slepih. Iz Saveza su me slali jo\u0161 u Bugarsku i Ma\u0111arsku, a u Strazburu sam bio kao \u010dlan Evropske mre\u017ee za samostalni \u017eivot. Putovao sam i na nau\u010dne skupove, najsve\u017eiji je skup na univerzitetu u \u0160jedlcama, blizu Var\u0161ave, u aprilu ove godine, gde sam izlagao na temu o instancama slepo\u0107e u prva dva romana Umberta Eka. To moje istra\u017eivanje \u0107e se pojaviti u monografiji koja \u0107e se upravo sastojati od radova sa ovog skupa, \u010dija je zajedni\u010dka tema \u201eDrugost u savremenoj knji\u017eevnosti\u201c. Drugost, tj. alteritet, ista ona pojava kojom sam se, u drugom kontekstu, bavio i u doktorskoj disertaciji. Ali najdra\u017ee putovanje mi je iz maja pro\u0161le godine, kada sam oti\u0161ao na Siciliju, na svadbu kod najboljeg prijatelja sa studija u Trstu. To je jedno nezaboravno iskustvo, u\u010destvovanje u obi\u010dajima koji su u isto vreme tako nepoznati a opet tako sli\u010dni na\u0161ima.<\/p>\n<p>\u010covek se, na kraju, upitan kako sve to posti\u017ee, ima li odmora, vremena za sebe, za obi\u010dne svakodnevne stvari&#8230;<\/p>\n<p><img loading=\"lazy\" decoding=\"async\" class=\"size-full wp-image-123872 alignright\" src=\"https:\/\/www.podunavlje.info\/dir\/wp-content\/uploads\/2026\/08\/Milos-Przic-7.webp\" alt=\"\" width=\"351\" height=\"346\" srcset=\"https:\/\/www.podunavlje.info\/dir\/wp-content\/uploads\/2026\/08\/Milos-Przic-7.webp 351w, https:\/\/www.podunavlje.info\/dir\/wp-content\/uploads\/2026\/08\/Milos-Przic-7-284x280.webp 284w\" sizes=\"(max-width: 351px) 100vw, 351px\" \/>&#8211; Neko jednom re\u010de da je \u017eivot kao moj \u00a0u stvari \u017eivot \u201ebez tajm-auta\u201c. Ne bih se saglasio, utoliko \u0161to volim da iza\u0111em, volim da se dru\u017eim. Kakav je to italijanista koji istra\u017euje knji\u017eevnost i toliko je tome posve\u0107en, a da ne voli da \u010duje zvuk sipanja i nazdravljanja, a onda i oseti miris pa \u00a0ukus kvalitetnog vina? Ipak, muzika i sport pomalo pate, jer ne mo\u017ee ba\u0161 sve da se postigne u isto vreme. Sport se sveo na teretanu, dodu\u0161e kvalitetnu, sa trenerom koji je pre svega dobar \u010dovek i drug. Naj\u017ealije mi je, me\u0111utim, \u0161to vi\u0161e ne treniram d\u017eudo, a ne sti\u017eem vi\u0161e da se posvetim sviranju sa folklorom. Ako i zasviram, to bude za rodbinu ili prijatelje. Na kraju, Salvatore, moj prijatelj sa Sicilije na \u010dijoj sam svadbi bio u maju pro\u0161le godine, obe\u0107ao mi je da \u0107e isto tako do\u0107i na moju svadbu, a poznato je da su Sicilijanci ljudi od re\u010di. Prema tome, re\u010d za re\u010d, nadam se, ne tako daleko. A na kraju, sve navedeno, nauka, muzika, dru\u017eenje, gubi smisao ako je smisao samome sebi.<\/p>\n<p style=\"text-align: right;\"><em>Uprkos svemu ili ba\u0161 zbog toga &#8211; osobe sa invaliditetom koje inspiri\u0161u\u00a0<\/em><\/p>\n<p style=\"text-align: right;\"><em>Projekat je sufinansiran iz bud\u017eeta Grada Smedereva, a stavovi izneti u podr\u017eanom medijskom projektu nu\u017eno ne izra\u017eavaju stavove organa koji je dodelio sredstva.\u00a0<\/em><\/p>\n","protected":false},"excerpt":{"rendered":"<p>28. avgust 2026 &#8211; Milo\u0161 Pr\u017ei\u0107 je od maja ove godine doktor nauka, radi na Institutu za knji\u017eevnost i umetnost u Beogradu, putuje na posao i zbog posla, bavi se humanitarnim radom, sportom, trenira, nesu\u0111eni je d\u017eudista, svira harmoniku i frulu\u2026 I, da. Slep je od ro\u0111enja. &#8211; Ro\u0111en sam u zimu 1989. godine, ka\u017eu [&hellip;]<\/p>\n","protected":false},"author":2,"featured_media":123873,"comment_status":"open","ping_status":"closed","sticky":false,"template":"","format":"standard","meta":{"footnotes":""},"categories":[7221],"tags":[3556,24238],"class_list":["post-123866","post","type-post","status-publish","format-standard","has-post-thumbnail","hentry","category-projekti","tag-milos-przic","tag-uprkos-svemu-ili-bas-zbog-toga-osobe-sa-invaliditetom-koje-inspirisu"],"yoast_head":"<!-- This site is optimized with the Yoast SEO plugin v28.4 - https:\/\/yoast.com\/product\/yoast-seo-wordpress\/ -->\n<title>Milo\u0161 Pr\u017ei\u0107 \u2013 \u017eivot bez tajm-auta ili... -<\/title>\n<meta name=\"robots\" content=\"index, follow, max-snippet:-1, max-image-preview:large, max-video-preview:-1\" \/>\n<link rel=\"canonical\" href=\"https:\/\/www.podunavlje.info\/dir\/2026\/08\/28\/milos-przic-zivot-bez-tajm-auta-ili\/\" \/>\n<meta property=\"og:locale\" content=\"sr_RS\" \/>\n<meta property=\"og:type\" content=\"article\" \/>\n<meta property=\"og:title\" content=\"Milo\u0161 Pr\u017ei\u0107 \u2013 \u017eivot bez tajm-auta ili... -\" \/>\n<meta property=\"og:description\" content=\"28. avgust 2026 &#8211; Milo\u0161 Pr\u017ei\u0107 je od maja ove godine doktor nauka, radi na Institutu za knji\u017eevnost i umetnost u Beogradu, putuje na posao i zbog posla, bavi se humanitarnim radom, sportom, trenira, nesu\u0111eni je d\u017eudista, svira harmoniku i frulu\u2026 I, da. Slep je od ro\u0111enja. &#8211; Ro\u0111en sam u zimu 1989. godine, ka\u017eu [&hellip;]\" \/>\n<meta property=\"og:url\" content=\"https:\/\/www.podunavlje.info\/dir\/2026\/08\/28\/milos-przic-zivot-bez-tajm-auta-ili\/\" \/>\n<meta property=\"article:publisher\" content=\"https:\/\/www.facebook.com\/podunavlje.info\/\" \/>\n<meta property=\"article:published_time\" content=\"2026-08-28T13:57:32+00:00\" \/>\n<meta property=\"og:image\" content=\"https:\/\/www.podunavlje.info\/dir\/wp-content\/uploads\/2026\/08\/milos-przic.webp\" \/>\n\t<meta property=\"og:image:width\" content=\"840\" \/>\n\t<meta property=\"og:image:height\" content=\"480\" \/>\n\t<meta property=\"og:image:type\" content=\"image\/webp\" \/>\n<meta name=\"author\" content=\"Miroslav \u0110or\u0111evi\u0107\" \/>\n<meta name=\"twitter:card\" content=\"summary_large_image\" \/>\n<meta name=\"twitter:creator\" content=\"@PodunavljeInfo\" \/>\n<meta name=\"twitter:site\" content=\"@PodunavljeInfo\" \/>\n<meta name=\"twitter:label1\" content=\"Napisano od\" \/>\n\t<meta name=\"twitter:data1\" content=\"Miroslav \u0110or\u0111evi\u0107\" \/>\n\t<meta name=\"twitter:label2\" content=\"Procenjeno vreme \u010ditanja\" \/>\n\t<meta name=\"twitter:data2\" content=\"15 minuta\" \/>\n<script type=\"application\/ld+json\" class=\"yoast-schema-graph\">{\"@context\":\"https:\\\/\\\/schema.org\",\"@graph\":[{\"@type\":\"Article\",\"@id\":\"https:\\\/\\\/www.podunavlje.info\\\/dir\\\/2026\\\/08\\\/28\\\/milos-przic-zivot-bez-tajm-auta-ili\\\/#article\",\"isPartOf\":{\"@id\":\"https:\\\/\\\/www.podunavlje.info\\\/dir\\\/2026\\\/08\\\/28\\\/milos-przic-zivot-bez-tajm-auta-ili\\\/\"},\"author\":{\"name\":\"Miroslav \u0110or\u0111evi\u0107\",\"@id\":\"https:\\\/\\\/www.podunavlje.info\\\/dir\\\/#\\\/schema\\\/person\\\/23087d50a21ce81afafa4d54cf5b098e\"},\"headline\":\"Milo\u0161 Pr\u017ei\u0107 \u2013 \u017eivot bez tajm-auta ili&#8230;\",\"datePublished\":\"2026-08-28T13:57:32+00:00\",\"mainEntityOfPage\":{\"@id\":\"https:\\\/\\\/www.podunavlje.info\\\/dir\\\/2026\\\/08\\\/28\\\/milos-przic-zivot-bez-tajm-auta-ili\\\/\"},\"wordCount\":2680,\"commentCount\":0,\"image\":{\"@id\":\"https:\\\/\\\/www.podunavlje.info\\\/dir\\\/2026\\\/08\\\/28\\\/milos-przic-zivot-bez-tajm-auta-ili\\\/#primaryimage\"},\"thumbnailUrl\":\"https:\\\/\\\/www.podunavlje.info\\\/dir\\\/wp-content\\\/uploads\\\/2026\\\/08\\\/milos-przic.webp\",\"keywords\":[\"Milo\u0161 Pr\u017ei\u0107\",\"Uprkos svemu ili ba\u0161 zbog toga - osobe sa invaliditetom koje inspiri\u0161u\"],\"articleSection\":[\"PROJEKTI\"],\"inLanguage\":\"sr-RS\",\"potentialAction\":[{\"@type\":\"CommentAction\",\"name\":\"Comment\",\"target\":[\"https:\\\/\\\/www.podunavlje.info\\\/dir\\\/2026\\\/08\\\/28\\\/milos-przic-zivot-bez-tajm-auta-ili\\\/#respond\"]}]},{\"@type\":\"WebPage\",\"@id\":\"https:\\\/\\\/www.podunavlje.info\\\/dir\\\/2026\\\/08\\\/28\\\/milos-przic-zivot-bez-tajm-auta-ili\\\/\",\"url\":\"https:\\\/\\\/www.podunavlje.info\\\/dir\\\/2026\\\/08\\\/28\\\/milos-przic-zivot-bez-tajm-auta-ili\\\/\",\"name\":\"Milo\u0161 Pr\u017ei\u0107 \u2013 \u017eivot bez tajm-auta ili... -\",\"isPartOf\":{\"@id\":\"https:\\\/\\\/www.podunavlje.info\\\/dir\\\/#website\"},\"primaryImageOfPage\":{\"@id\":\"https:\\\/\\\/www.podunavlje.info\\\/dir\\\/2026\\\/08\\\/28\\\/milos-przic-zivot-bez-tajm-auta-ili\\\/#primaryimage\"},\"image\":{\"@id\":\"https:\\\/\\\/www.podunavlje.info\\\/dir\\\/2026\\\/08\\\/28\\\/milos-przic-zivot-bez-tajm-auta-ili\\\/#primaryimage\"},\"thumbnailUrl\":\"https:\\\/\\\/www.podunavlje.info\\\/dir\\\/wp-content\\\/uploads\\\/2026\\\/08\\\/milos-przic.webp\",\"datePublished\":\"2026-08-28T13:57:32+00:00\",\"author\":{\"@id\":\"https:\\\/\\\/www.podunavlje.info\\\/dir\\\/#\\\/schema\\\/person\\\/23087d50a21ce81afafa4d54cf5b098e\"},\"breadcrumb\":{\"@id\":\"https:\\\/\\\/www.podunavlje.info\\\/dir\\\/2026\\\/08\\\/28\\\/milos-przic-zivot-bez-tajm-auta-ili\\\/#breadcrumb\"},\"inLanguage\":\"sr-RS\",\"potentialAction\":[{\"@type\":\"ReadAction\",\"target\":[\"https:\\\/\\\/www.podunavlje.info\\\/dir\\\/2026\\\/08\\\/28\\\/milos-przic-zivot-bez-tajm-auta-ili\\\/\"]}]},{\"@type\":\"ImageObject\",\"inLanguage\":\"sr-RS\",\"@id\":\"https:\\\/\\\/www.podunavlje.info\\\/dir\\\/2026\\\/08\\\/28\\\/milos-przic-zivot-bez-tajm-auta-ili\\\/#primaryimage\",\"url\":\"https:\\\/\\\/www.podunavlje.info\\\/dir\\\/wp-content\\\/uploads\\\/2026\\\/08\\\/milos-przic.webp\",\"contentUrl\":\"https:\\\/\\\/www.podunavlje.info\\\/dir\\\/wp-content\\\/uploads\\\/2026\\\/08\\\/milos-przic.webp\",\"width\":840,\"height\":480},{\"@type\":\"BreadcrumbList\",\"@id\":\"https:\\\/\\\/www.podunavlje.info\\\/dir\\\/2026\\\/08\\\/28\\\/milos-przic-zivot-bez-tajm-auta-ili\\\/#breadcrumb\",\"itemListElement\":[{\"@type\":\"ListItem\",\"position\":1,\"name\":\"Home\",\"item\":\"https:\\\/\\\/www.podunavlje.info\\\/dir\\\/\"},{\"@type\":\"ListItem\",\"position\":2,\"name\":\"Milo\u0161 Pr\u017ei\u0107 \u2013 \u017eivot bez tajm-auta ili&#8230;\"}]},{\"@type\":\"WebSite\",\"@id\":\"https:\\\/\\\/www.podunavlje.info\\\/dir\\\/#website\",\"url\":\"https:\\\/\\\/www.podunavlje.info\\\/dir\\\/\",\"name\":\"\",\"description\":\"\",\"potentialAction\":[{\"@type\":\"SearchAction\",\"target\":{\"@type\":\"EntryPoint\",\"urlTemplate\":\"https:\\\/\\\/www.podunavlje.info\\\/dir\\\/?s={search_term_string}\"},\"query-input\":{\"@type\":\"PropertyValueSpecification\",\"valueRequired\":true,\"valueName\":\"search_term_string\"}}],\"inLanguage\":\"sr-RS\"},{\"@type\":\"Person\",\"@id\":\"https:\\\/\\\/www.podunavlje.info\\\/dir\\\/#\\\/schema\\\/person\\\/23087d50a21ce81afafa4d54cf5b098e\",\"name\":\"Miroslav \u0110or\u0111evi\u0107\",\"url\":\"https:\\\/\\\/www.podunavlje.info\\\/dir\\\/author\\\/djole\\\/\"}]}<\/script>\n<!-- \/ Yoast SEO plugin. -->","yoast_head_json":{"title":"Milo\u0161 Pr\u017ei\u0107 \u2013 \u017eivot bez tajm-auta ili... -","robots":{"index":"index","follow":"follow","max-snippet":"max-snippet:-1","max-image-preview":"max-image-preview:large","max-video-preview":"max-video-preview:-1"},"canonical":"https:\/\/www.podunavlje.info\/dir\/2026\/08\/28\/milos-przic-zivot-bez-tajm-auta-ili\/","og_locale":"sr_RS","og_type":"article","og_title":"Milo\u0161 Pr\u017ei\u0107 \u2013 \u017eivot bez tajm-auta ili... -","og_description":"28. avgust 2026 &#8211; Milo\u0161 Pr\u017ei\u0107 je od maja ove godine doktor nauka, radi na Institutu za knji\u017eevnost i umetnost u Beogradu, putuje na posao i zbog posla, bavi se humanitarnim radom, sportom, trenira, nesu\u0111eni je d\u017eudista, svira harmoniku i frulu\u2026 I, da. Slep je od ro\u0111enja. &#8211; Ro\u0111en sam u zimu 1989. godine, ka\u017eu [&hellip;]","og_url":"https:\/\/www.podunavlje.info\/dir\/2026\/08\/28\/milos-przic-zivot-bez-tajm-auta-ili\/","article_publisher":"https:\/\/www.facebook.com\/podunavlje.info\/","article_published_time":"2026-08-28T13:57:32+00:00","og_image":[{"width":840,"height":480,"url":"https:\/\/www.podunavlje.info\/dir\/wp-content\/uploads\/2026\/08\/milos-przic.webp","type":"image\/webp"}],"author":"Miroslav \u0110or\u0111evi\u0107","twitter_card":"summary_large_image","twitter_creator":"@PodunavljeInfo","twitter_site":"@PodunavljeInfo","twitter_misc":{"Napisano od":"Miroslav \u0110or\u0111evi\u0107","Procenjeno vreme \u010ditanja":"15 minuta"},"schema":{"@context":"https:\/\/schema.org","@graph":[{"@type":"Article","@id":"https:\/\/www.podunavlje.info\/dir\/2026\/08\/28\/milos-przic-zivot-bez-tajm-auta-ili\/#article","isPartOf":{"@id":"https:\/\/www.podunavlje.info\/dir\/2026\/08\/28\/milos-przic-zivot-bez-tajm-auta-ili\/"},"author":{"name":"Miroslav \u0110or\u0111evi\u0107","@id":"https:\/\/www.podunavlje.info\/dir\/#\/schema\/person\/23087d50a21ce81afafa4d54cf5b098e"},"headline":"Milo\u0161 Pr\u017ei\u0107 \u2013 \u017eivot bez tajm-auta ili&#8230;","datePublished":"2026-08-28T13:57:32+00:00","mainEntityOfPage":{"@id":"https:\/\/www.podunavlje.info\/dir\/2026\/08\/28\/milos-przic-zivot-bez-tajm-auta-ili\/"},"wordCount":2680,"commentCount":0,"image":{"@id":"https:\/\/www.podunavlje.info\/dir\/2026\/08\/28\/milos-przic-zivot-bez-tajm-auta-ili\/#primaryimage"},"thumbnailUrl":"https:\/\/www.podunavlje.info\/dir\/wp-content\/uploads\/2026\/08\/milos-przic.webp","keywords":["Milo\u0161 Pr\u017ei\u0107","Uprkos svemu ili ba\u0161 zbog toga - osobe sa invaliditetom koje inspiri\u0161u"],"articleSection":["PROJEKTI"],"inLanguage":"sr-RS","potentialAction":[{"@type":"CommentAction","name":"Comment","target":["https:\/\/www.podunavlje.info\/dir\/2026\/08\/28\/milos-przic-zivot-bez-tajm-auta-ili\/#respond"]}]},{"@type":"WebPage","@id":"https:\/\/www.podunavlje.info\/dir\/2026\/08\/28\/milos-przic-zivot-bez-tajm-auta-ili\/","url":"https:\/\/www.podunavlje.info\/dir\/2026\/08\/28\/milos-przic-zivot-bez-tajm-auta-ili\/","name":"Milo\u0161 Pr\u017ei\u0107 \u2013 \u017eivot bez tajm-auta ili... -","isPartOf":{"@id":"https:\/\/www.podunavlje.info\/dir\/#website"},"primaryImageOfPage":{"@id":"https:\/\/www.podunavlje.info\/dir\/2026\/08\/28\/milos-przic-zivot-bez-tajm-auta-ili\/#primaryimage"},"image":{"@id":"https:\/\/www.podunavlje.info\/dir\/2026\/08\/28\/milos-przic-zivot-bez-tajm-auta-ili\/#primaryimage"},"thumbnailUrl":"https:\/\/www.podunavlje.info\/dir\/wp-content\/uploads\/2026\/08\/milos-przic.webp","datePublished":"2026-08-28T13:57:32+00:00","author":{"@id":"https:\/\/www.podunavlje.info\/dir\/#\/schema\/person\/23087d50a21ce81afafa4d54cf5b098e"},"breadcrumb":{"@id":"https:\/\/www.podunavlje.info\/dir\/2026\/08\/28\/milos-przic-zivot-bez-tajm-auta-ili\/#breadcrumb"},"inLanguage":"sr-RS","potentialAction":[{"@type":"ReadAction","target":["https:\/\/www.podunavlje.info\/dir\/2026\/08\/28\/milos-przic-zivot-bez-tajm-auta-ili\/"]}]},{"@type":"ImageObject","inLanguage":"sr-RS","@id":"https:\/\/www.podunavlje.info\/dir\/2026\/08\/28\/milos-przic-zivot-bez-tajm-auta-ili\/#primaryimage","url":"https:\/\/www.podunavlje.info\/dir\/wp-content\/uploads\/2026\/08\/milos-przic.webp","contentUrl":"https:\/\/www.podunavlje.info\/dir\/wp-content\/uploads\/2026\/08\/milos-przic.webp","width":840,"height":480},{"@type":"BreadcrumbList","@id":"https:\/\/www.podunavlje.info\/dir\/2026\/08\/28\/milos-przic-zivot-bez-tajm-auta-ili\/#breadcrumb","itemListElement":[{"@type":"ListItem","position":1,"name":"Home","item":"https:\/\/www.podunavlje.info\/dir\/"},{"@type":"ListItem","position":2,"name":"Milo\u0161 Pr\u017ei\u0107 \u2013 \u017eivot bez tajm-auta ili&#8230;"}]},{"@type":"WebSite","@id":"https:\/\/www.podunavlje.info\/dir\/#website","url":"https:\/\/www.podunavlje.info\/dir\/","name":"","description":"","potentialAction":[{"@type":"SearchAction","target":{"@type":"EntryPoint","urlTemplate":"https:\/\/www.podunavlje.info\/dir\/?s={search_term_string}"},"query-input":{"@type":"PropertyValueSpecification","valueRequired":true,"valueName":"search_term_string"}}],"inLanguage":"sr-RS"},{"@type":"Person","@id":"https:\/\/www.podunavlje.info\/dir\/#\/schema\/person\/23087d50a21ce81afafa4d54cf5b098e","name":"Miroslav \u0110or\u0111evi\u0107","url":"https:\/\/www.podunavlje.info\/dir\/author\/djole\/"}]}},"_links":{"self":[{"href":"https:\/\/www.podunavlje.info\/dir\/wp-json\/wp\/v2\/posts\/123866","targetHints":{"allow":["GET"]}}],"collection":[{"href":"https:\/\/www.podunavlje.info\/dir\/wp-json\/wp\/v2\/posts"}],"about":[{"href":"https:\/\/www.podunavlje.info\/dir\/wp-json\/wp\/v2\/types\/post"}],"author":[{"embeddable":true,"href":"https:\/\/www.podunavlje.info\/dir\/wp-json\/wp\/v2\/users\/2"}],"replies":[{"embeddable":true,"href":"https:\/\/www.podunavlje.info\/dir\/wp-json\/wp\/v2\/comments?post=123866"}],"version-history":[{"count":6,"href":"https:\/\/www.podunavlje.info\/dir\/wp-json\/wp\/v2\/posts\/123866\/revisions"}],"predecessor-version":[{"id":123884,"href":"https:\/\/www.podunavlje.info\/dir\/wp-json\/wp\/v2\/posts\/123866\/revisions\/123884"}],"wp:featuredmedia":[{"embeddable":true,"href":"https:\/\/www.podunavlje.info\/dir\/wp-json\/wp\/v2\/media\/123873"}],"wp:attachment":[{"href":"https:\/\/www.podunavlje.info\/dir\/wp-json\/wp\/v2\/media?parent=123866"}],"wp:term":[{"taxonomy":"category","embeddable":true,"href":"https:\/\/www.podunavlje.info\/dir\/wp-json\/wp\/v2\/categories?post=123866"},{"taxonomy":"post_tag","embeddable":true,"href":"https:\/\/www.podunavlje.info\/dir\/wp-json\/wp\/v2\/tags?post=123866"}],"curies":[{"name":"wp","href":"https:\/\/api.w.org\/{rel}","templated":true}]}}