{"id":123788,"date":"2026-08-24T12:48:43","date_gmt":"2026-08-24T11:48:43","guid":{"rendered":"https:\/\/www.podunavlje.info\/dir\/?p=123788"},"modified":"2026-08-24T14:30:37","modified_gmt":"2026-08-24T13:30:37","slug":"u-ralji-uhapsen-osumnjicen-da-je-ubio-oca-udarajuci-ga-u-glavu","status":"publish","type":"post","link":"https:\/\/www.podunavlje.info\/dir\/2026\/08\/24\/u-ralji-uhapsen-osumnjicen-da-je-ubio-oca-udarajuci-ga-u-glavu\/","title":{"rendered":"U Ralji uhap\u0161en osumnji\u010den da je ubio oca udaraju\u0107i ga u glavu"},"content":{"rendered":"<p>24. avgust 2026 \u2013 Policija je, u saradnji sa Vi\u0161im javnim tu\u017eila\u0161tvom, uhapsila I. P. (43) koji sumnji\u010di da je 22. avgusta, oko 18 \u010dasova, u porodi\u010dnoj ku\u0107i u Ralji kod Smedereva ubio svog oca (72), tako \u0161to mu je zadao vi\u0161e udaraca po glavi.<\/p>\n<p>Po nalogu Vi\u0161eg javnog tu\u017eila\u0161tva u Smederevu, osumnji\u010denom je odre\u0111eno zadr\u017eavanje do 48 \u010dasova, nakon \u010dega \u0107e, uz krivi\u010dnu prijavu, biti priveden nadle\u017enom tu\u017eiocu zbog postojanja osnova sumnje da je izvr\u0161io krivi\u010dno delo te\u0161ko ubistvo.<\/p>\n<p>Ina\u010de, on je, kako saznajemo, nakon \u0161to je usmrtio oca, seo i mirno sa\u010dekao policiju koja ga je privela.<\/p>\n<p>Prilikom saslu\u0161anja u Vi\u0161em javnom tu\u017eila\u0161tvu on se koristio svojim zakonskim pravom da ne iznosi odbranu.<\/p>\n<p>Nakon saslu\u0161anja, tu\u017eila\u0161tvo je predlo\u017eilo da mu se odredi pritvor u trajanju do 30 dana, zbog okolnosti koje ukazuju da \u0107e ometati tok postupka uticanjem na svedoke, da \u0107e u kratkom vremenskom periodu ponoviti krivi\u010dno delo, kao i zbog uznemirenja javnosti koje mo\u017ee ugroziti nesmetano i pravi\u010dno vo\u0111enje krivi\u010dnog postupka, navodi se u saop\u0161tenju Vi\u0161eg javnog tu\u017eila\u0161tva u Smederevu.<\/p>\n<p style=\"text-align: right;\"><em>Foto\/ilustracija: MUP Srbije <\/em><\/p>\n<p>&nbsp;<\/p>\n","protected":false},"excerpt":{"rendered":"<p>24. avgust 2026 \u2013 Policija je, u saradnji sa Vi\u0161im javnim tu\u017eila\u0161tvom, uhapsila I. P. (43) koji sumnji\u010di da je 22. avgusta, oko 18 \u010dasova, u porodi\u010dnoj ku\u0107i u Ralji kod Smedereva ubio svog oca (72), tako \u0161to mu je zadao vi\u0161e udaraca po glavi. Po nalogu Vi\u0161eg javnog tu\u017eila\u0161tva u Smederevu, osumnji\u010denom je odre\u0111eno [&hellip;]<\/p>\n","protected":false},"author":5,"featured_media":12032,"comment_status":"open","ping_status":"closed","sticky":false,"template":"","format":"standard","meta":{"footnotes":""},"categories":[45],"tags":[11292,897,2507],"class_list":["post-123788","post","type-post","status-publish","format-standard","has-post-thumbnail","hentry","category-hronika","tag-osumnjicen","tag-ralja","tag-tesko-ubistvo"],"yoast_head":"<!-- This site is optimized with the Yoast SEO plugin v28.4 - https:\/\/yoast.com\/product\/yoast-seo-wordpress\/ -->\n<title>U Ralji uhap\u0161en osumnji\u010den da je ubio oca udaraju\u0107i ga u glavu -<\/title>\n<meta name=\"robots\" content=\"index, follow, max-snippet:-1, max-image-preview:large, max-video-preview:-1\" \/>\n<link rel=\"canonical\" href=\"https:\/\/www.podunavlje.info\/dir\/2026\/08\/24\/u-ralji-uhapsen-osumnjicen-da-je-ubio-oca-udarajuci-ga-u-glavu\/\" \/>\n<meta property=\"og:locale\" content=\"sr_RS\" \/>\n<meta property=\"og:type\" content=\"article\" \/>\n<meta property=\"og:title\" content=\"U Ralji uhap\u0161en osumnji\u010den da je ubio oca udaraju\u0107i ga u glavu -\" \/>\n<meta property=\"og:description\" content=\"24. avgust 2026 \u2013 Policija je, u saradnji sa Vi\u0161im javnim tu\u017eila\u0161tvom, uhapsila I. P. (43) koji sumnji\u010di da je 22. avgusta, oko 18 \u010dasova, u porodi\u010dnoj ku\u0107i u Ralji kod Smedereva ubio svog oca (72), tako \u0161to mu je zadao vi\u0161e udaraca po glavi. Po nalogu Vi\u0161eg javnog tu\u017eila\u0161tva u Smederevu, osumnji\u010denom je odre\u0111eno [&hellip;]\" \/>\n<meta property=\"og:url\" content=\"https:\/\/www.podunavlje.info\/dir\/2026\/08\/24\/u-ralji-uhapsen-osumnjicen-da-je-ubio-oca-udarajuci-ga-u-glavu\/\" \/>\n<meta property=\"article:publisher\" content=\"https:\/\/www.facebook.com\/podunavlje.info\/\" \/>\n<meta property=\"article:published_time\" content=\"2026-08-24T11:48:43+00:00\" \/>\n<meta property=\"article:modified_time\" content=\"2026-08-24T13:30:37+00:00\" \/>\n<meta property=\"og:image\" content=\"https:\/\/www.podunavlje.info\/dir\/wp-content\/uploads\/2017\/12\/lisice8.3-5.jpg\" \/>\n\t<meta property=\"og:image:width\" content=\"840\" \/>\n\t<meta property=\"og:image:height\" content=\"480\" \/>\n\t<meta property=\"og:image:type\" content=\"image\/jpeg\" \/>\n<meta name=\"author\" content=\"Redakcija\" \/>\n<meta name=\"twitter:card\" content=\"summary_large_image\" \/>\n<meta name=\"twitter:creator\" content=\"@PodunavljeInfo\" \/>\n<meta name=\"twitter:site\" content=\"@PodunavljeInfo\" \/>\n<meta name=\"twitter:label1\" content=\"Napisano od\" \/>\n\t<meta name=\"twitter:data1\" content=\"Redakcija\" \/>\n\t<meta name=\"twitter:label2\" content=\"Procenjeno vreme \u010ditanja\" \/>\n\t<meta name=\"twitter:data2\" content=\"2 minuta\" \/>\n<script type=\"application\/ld+json\" class=\"yoast-schema-graph\">{\"@context\":\"https:\\\/\\\/schema.org\",\"@graph\":[{\"@type\":\"Article\",\"@id\":\"https:\\\/\\\/www.podunavlje.info\\\/dir\\\/2026\\\/08\\\/24\\\/u-ralji-uhapsen-osumnjicen-da-je-ubio-oca-udarajuci-ga-u-glavu\\\/#article\",\"isPartOf\":{\"@id\":\"https:\\\/\\\/www.podunavlje.info\\\/dir\\\/2026\\\/08\\\/24\\\/u-ralji-uhapsen-osumnjicen-da-je-ubio-oca-udarajuci-ga-u-glavu\\\/\"},\"author\":{\"name\":\"Redakcija\",\"@id\":\"https:\\\/\\\/www.podunavlje.info\\\/dir\\\/#\\\/schema\\\/person\\\/454a0d6f0754c295c90a7b1c0e03bd30\"},\"headline\":\"U Ralji uhap\u0161en osumnji\u010den da je ubio oca udaraju\u0107i ga u glavu\",\"datePublished\":\"2026-08-24T11:48:43+00:00\",\"dateModified\":\"2026-08-24T13:30:37+00:00\",\"mainEntityOfPage\":{\"@id\":\"https:\\\/\\\/www.podunavlje.info\\\/dir\\\/2026\\\/08\\\/24\\\/u-ralji-uhapsen-osumnjicen-da-je-ubio-oca-udarajuci-ga-u-glavu\\\/\"},\"wordCount\":223,\"commentCount\":0,\"image\":{\"@id\":\"https:\\\/\\\/www.podunavlje.info\\\/dir\\\/2026\\\/08\\\/24\\\/u-ralji-uhapsen-osumnjicen-da-je-ubio-oca-udarajuci-ga-u-glavu\\\/#primaryimage\"},\"thumbnailUrl\":\"https:\\\/\\\/www.podunavlje.info\\\/dir\\\/wp-content\\\/uploads\\\/2017\\\/12\\\/lisice8.3-5.jpg\",\"keywords\":[\"osumnji\u010den\",\"Ralja\",\"te\u0161ko ubistvo\"],\"articleSection\":[\"HRONIKA\"],\"inLanguage\":\"sr-RS\",\"potentialAction\":[{\"@type\":\"CommentAction\",\"name\":\"Comment\",\"target\":[\"https:\\\/\\\/www.podunavlje.info\\\/dir\\\/2026\\\/08\\\/24\\\/u-ralji-uhapsen-osumnjicen-da-je-ubio-oca-udarajuci-ga-u-glavu\\\/#respond\"]}]},{\"@type\":\"WebPage\",\"@id\":\"https:\\\/\\\/www.podunavlje.info\\\/dir\\\/2026\\\/08\\\/24\\\/u-ralji-uhapsen-osumnjicen-da-je-ubio-oca-udarajuci-ga-u-glavu\\\/\",\"url\":\"https:\\\/\\\/www.podunavlje.info\\\/dir\\\/2026\\\/08\\\/24\\\/u-ralji-uhapsen-osumnjicen-da-je-ubio-oca-udarajuci-ga-u-glavu\\\/\",\"name\":\"U Ralji uhap\u0161en osumnji\u010den da je ubio oca udaraju\u0107i ga u glavu -\",\"isPartOf\":{\"@id\":\"https:\\\/\\\/www.podunavlje.info\\\/dir\\\/#website\"},\"primaryImageOfPage\":{\"@id\":\"https:\\\/\\\/www.podunavlje.info\\\/dir\\\/2026\\\/08\\\/24\\\/u-ralji-uhapsen-osumnjicen-da-je-ubio-oca-udarajuci-ga-u-glavu\\\/#primaryimage\"},\"image\":{\"@id\":\"https:\\\/\\\/www.podunavlje.info\\\/dir\\\/2026\\\/08\\\/24\\\/u-ralji-uhapsen-osumnjicen-da-je-ubio-oca-udarajuci-ga-u-glavu\\\/#primaryimage\"},\"thumbnailUrl\":\"https:\\\/\\\/www.podunavlje.info\\\/dir\\\/wp-content\\\/uploads\\\/2017\\\/12\\\/lisice8.3-5.jpg\",\"datePublished\":\"2026-08-24T11:48:43+00:00\",\"dateModified\":\"2026-08-24T13:30:37+00:00\",\"author\":{\"@id\":\"https:\\\/\\\/www.podunavlje.info\\\/dir\\\/#\\\/schema\\\/person\\\/454a0d6f0754c295c90a7b1c0e03bd30\"},\"breadcrumb\":{\"@id\":\"https:\\\/\\\/www.podunavlje.info\\\/dir\\\/2026\\\/08\\\/24\\\/u-ralji-uhapsen-osumnjicen-da-je-ubio-oca-udarajuci-ga-u-glavu\\\/#breadcrumb\"},\"inLanguage\":\"sr-RS\",\"potentialAction\":[{\"@type\":\"ReadAction\",\"target\":[\"https:\\\/\\\/www.podunavlje.info\\\/dir\\\/2026\\\/08\\\/24\\\/u-ralji-uhapsen-osumnjicen-da-je-ubio-oca-udarajuci-ga-u-glavu\\\/\"]}]},{\"@type\":\"ImageObject\",\"inLanguage\":\"sr-RS\",\"@id\":\"https:\\\/\\\/www.podunavlje.info\\\/dir\\\/2026\\\/08\\\/24\\\/u-ralji-uhapsen-osumnjicen-da-je-ubio-oca-udarajuci-ga-u-glavu\\\/#primaryimage\",\"url\":\"https:\\\/\\\/www.podunavlje.info\\\/dir\\\/wp-content\\\/uploads\\\/2017\\\/12\\\/lisice8.3-5.jpg\",\"contentUrl\":\"https:\\\/\\\/www.podunavlje.info\\\/dir\\\/wp-content\\\/uploads\\\/2017\\\/12\\\/lisice8.3-5.jpg\",\"width\":840,\"height\":480},{\"@type\":\"BreadcrumbList\",\"@id\":\"https:\\\/\\\/www.podunavlje.info\\\/dir\\\/2026\\\/08\\\/24\\\/u-ralji-uhapsen-osumnjicen-da-je-ubio-oca-udarajuci-ga-u-glavu\\\/#breadcrumb\",\"itemListElement\":[{\"@type\":\"ListItem\",\"position\":1,\"name\":\"Home\",\"item\":\"https:\\\/\\\/www.podunavlje.info\\\/dir\\\/\"},{\"@type\":\"ListItem\",\"position\":2,\"name\":\"U Ralji uhap\u0161en osumnji\u010den da je ubio oca udaraju\u0107i ga u glavu\"}]},{\"@type\":\"WebSite\",\"@id\":\"https:\\\/\\\/www.podunavlje.info\\\/dir\\\/#website\",\"url\":\"https:\\\/\\\/www.podunavlje.info\\\/dir\\\/\",\"name\":\"\",\"description\":\"\",\"potentialAction\":[{\"@type\":\"SearchAction\",\"target\":{\"@type\":\"EntryPoint\",\"urlTemplate\":\"https:\\\/\\\/www.podunavlje.info\\\/dir\\\/?s={search_term_string}\"},\"query-input\":{\"@type\":\"PropertyValueSpecification\",\"valueRequired\":true,\"valueName\":\"search_term_string\"}}],\"inLanguage\":\"sr-RS\"},{\"@type\":\"Person\",\"@id\":\"https:\\\/\\\/www.podunavlje.info\\\/dir\\\/#\\\/schema\\\/person\\\/454a0d6f0754c295c90a7b1c0e03bd30\",\"name\":\"Redakcija\",\"sameAs\":[\"http:\\\/\\\/podunavlje.info\"],\"url\":\"https:\\\/\\\/www.podunavlje.info\\\/dir\\\/author\\\/redakcija\\\/\"}]}<\/script>\n<!-- \/ Yoast SEO plugin. -->","yoast_head_json":{"title":"U Ralji uhap\u0161en osumnji\u010den da je ubio oca udaraju\u0107i ga u glavu -","robots":{"index":"index","follow":"follow","max-snippet":"max-snippet:-1","max-image-preview":"max-image-preview:large","max-video-preview":"max-video-preview:-1"},"canonical":"https:\/\/www.podunavlje.info\/dir\/2026\/08\/24\/u-ralji-uhapsen-osumnjicen-da-je-ubio-oca-udarajuci-ga-u-glavu\/","og_locale":"sr_RS","og_type":"article","og_title":"U Ralji uhap\u0161en osumnji\u010den da je ubio oca udaraju\u0107i ga u glavu -","og_description":"24. avgust 2026 \u2013 Policija je, u saradnji sa Vi\u0161im javnim tu\u017eila\u0161tvom, uhapsila I. P. (43) koji sumnji\u010di da je 22. avgusta, oko 18 \u010dasova, u porodi\u010dnoj ku\u0107i u Ralji kod Smedereva ubio svog oca (72), tako \u0161to mu je zadao vi\u0161e udaraca po glavi. Po nalogu Vi\u0161eg javnog tu\u017eila\u0161tva u Smederevu, osumnji\u010denom je odre\u0111eno [&hellip;]","og_url":"https:\/\/www.podunavlje.info\/dir\/2026\/08\/24\/u-ralji-uhapsen-osumnjicen-da-je-ubio-oca-udarajuci-ga-u-glavu\/","article_publisher":"https:\/\/www.facebook.com\/podunavlje.info\/","article_published_time":"2026-08-24T11:48:43+00:00","article_modified_time":"2026-08-24T13:30:37+00:00","og_image":[{"width":840,"height":480,"url":"https:\/\/www.podunavlje.info\/dir\/wp-content\/uploads\/2017\/12\/lisice8.3-5.jpg","type":"image\/jpeg"}],"author":"Redakcija","twitter_card":"summary_large_image","twitter_creator":"@PodunavljeInfo","twitter_site":"@PodunavljeInfo","twitter_misc":{"Napisano od":"Redakcija","Procenjeno vreme \u010ditanja":"2 minuta"},"schema":{"@context":"https:\/\/schema.org","@graph":[{"@type":"Article","@id":"https:\/\/www.podunavlje.info\/dir\/2026\/08\/24\/u-ralji-uhapsen-osumnjicen-da-je-ubio-oca-udarajuci-ga-u-glavu\/#article","isPartOf":{"@id":"https:\/\/www.podunavlje.info\/dir\/2026\/08\/24\/u-ralji-uhapsen-osumnjicen-da-je-ubio-oca-udarajuci-ga-u-glavu\/"},"author":{"name":"Redakcija","@id":"https:\/\/www.podunavlje.info\/dir\/#\/schema\/person\/454a0d6f0754c295c90a7b1c0e03bd30"},"headline":"U Ralji uhap\u0161en osumnji\u010den da je ubio oca udaraju\u0107i ga u glavu","datePublished":"2026-08-24T11:48:43+00:00","dateModified":"2026-08-24T13:30:37+00:00","mainEntityOfPage":{"@id":"https:\/\/www.podunavlje.info\/dir\/2026\/08\/24\/u-ralji-uhapsen-osumnjicen-da-je-ubio-oca-udarajuci-ga-u-glavu\/"},"wordCount":223,"commentCount":0,"image":{"@id":"https:\/\/www.podunavlje.info\/dir\/2026\/08\/24\/u-ralji-uhapsen-osumnjicen-da-je-ubio-oca-udarajuci-ga-u-glavu\/#primaryimage"},"thumbnailUrl":"https:\/\/www.podunavlje.info\/dir\/wp-content\/uploads\/2017\/12\/lisice8.3-5.jpg","keywords":["osumnji\u010den","Ralja","te\u0161ko ubistvo"],"articleSection":["HRONIKA"],"inLanguage":"sr-RS","potentialAction":[{"@type":"CommentAction","name":"Comment","target":["https:\/\/www.podunavlje.info\/dir\/2026\/08\/24\/u-ralji-uhapsen-osumnjicen-da-je-ubio-oca-udarajuci-ga-u-glavu\/#respond"]}]},{"@type":"WebPage","@id":"https:\/\/www.podunavlje.info\/dir\/2026\/08\/24\/u-ralji-uhapsen-osumnjicen-da-je-ubio-oca-udarajuci-ga-u-glavu\/","url":"https:\/\/www.podunavlje.info\/dir\/2026\/08\/24\/u-ralji-uhapsen-osumnjicen-da-je-ubio-oca-udarajuci-ga-u-glavu\/","name":"U Ralji uhap\u0161en osumnji\u010den da je ubio oca udaraju\u0107i ga u glavu -","isPartOf":{"@id":"https:\/\/www.podunavlje.info\/dir\/#website"},"primaryImageOfPage":{"@id":"https:\/\/www.podunavlje.info\/dir\/2026\/08\/24\/u-ralji-uhapsen-osumnjicen-da-je-ubio-oca-udarajuci-ga-u-glavu\/#primaryimage"},"image":{"@id":"https:\/\/www.podunavlje.info\/dir\/2026\/08\/24\/u-ralji-uhapsen-osumnjicen-da-je-ubio-oca-udarajuci-ga-u-glavu\/#primaryimage"},"thumbnailUrl":"https:\/\/www.podunavlje.info\/dir\/wp-content\/uploads\/2017\/12\/lisice8.3-5.jpg","datePublished":"2026-08-24T11:48:43+00:00","dateModified":"2026-08-24T13:30:37+00:00","author":{"@id":"https:\/\/www.podunavlje.info\/dir\/#\/schema\/person\/454a0d6f0754c295c90a7b1c0e03bd30"},"breadcrumb":{"@id":"https:\/\/www.podunavlje.info\/dir\/2026\/08\/24\/u-ralji-uhapsen-osumnjicen-da-je-ubio-oca-udarajuci-ga-u-glavu\/#breadcrumb"},"inLanguage":"sr-RS","potentialAction":[{"@type":"ReadAction","target":["https:\/\/www.podunavlje.info\/dir\/2026\/08\/24\/u-ralji-uhapsen-osumnjicen-da-je-ubio-oca-udarajuci-ga-u-glavu\/"]}]},{"@type":"ImageObject","inLanguage":"sr-RS","@id":"https:\/\/www.podunavlje.info\/dir\/2026\/08\/24\/u-ralji-uhapsen-osumnjicen-da-je-ubio-oca-udarajuci-ga-u-glavu\/#primaryimage","url":"https:\/\/www.podunavlje.info\/dir\/wp-content\/uploads\/2017\/12\/lisice8.3-5.jpg","contentUrl":"https:\/\/www.podunavlje.info\/dir\/wp-content\/uploads\/2017\/12\/lisice8.3-5.jpg","width":840,"height":480},{"@type":"BreadcrumbList","@id":"https:\/\/www.podunavlje.info\/dir\/2026\/08\/24\/u-ralji-uhapsen-osumnjicen-da-je-ubio-oca-udarajuci-ga-u-glavu\/#breadcrumb","itemListElement":[{"@type":"ListItem","position":1,"name":"Home","item":"https:\/\/www.podunavlje.info\/dir\/"},{"@type":"ListItem","position":2,"name":"U Ralji uhap\u0161en osumnji\u010den da je ubio oca udaraju\u0107i ga u glavu"}]},{"@type":"WebSite","@id":"https:\/\/www.podunavlje.info\/dir\/#website","url":"https:\/\/www.podunavlje.info\/dir\/","name":"","description":"","potentialAction":[{"@type":"SearchAction","target":{"@type":"EntryPoint","urlTemplate":"https:\/\/www.podunavlje.info\/dir\/?s={search_term_string}"},"query-input":{"@type":"PropertyValueSpecification","valueRequired":true,"valueName":"search_term_string"}}],"inLanguage":"sr-RS"},{"@type":"Person","@id":"https:\/\/www.podunavlje.info\/dir\/#\/schema\/person\/454a0d6f0754c295c90a7b1c0e03bd30","name":"Redakcija","sameAs":["http:\/\/podunavlje.info"],"url":"https:\/\/www.podunavlje.info\/dir\/author\/redakcija\/"}]}},"_links":{"self":[{"href":"https:\/\/www.podunavlje.info\/dir\/wp-json\/wp\/v2\/posts\/123788","targetHints":{"allow":["GET"]}}],"collection":[{"href":"https:\/\/www.podunavlje.info\/dir\/wp-json\/wp\/v2\/posts"}],"about":[{"href":"https:\/\/www.podunavlje.info\/dir\/wp-json\/wp\/v2\/types\/post"}],"author":[{"embeddable":true,"href":"https:\/\/www.podunavlje.info\/dir\/wp-json\/wp\/v2\/users\/5"}],"replies":[{"embeddable":true,"href":"https:\/\/www.podunavlje.info\/dir\/wp-json\/wp\/v2\/comments?post=123788"}],"version-history":[{"count":3,"href":"https:\/\/www.podunavlje.info\/dir\/wp-json\/wp\/v2\/posts\/123788\/revisions"}],"predecessor-version":[{"id":123791,"href":"https:\/\/www.podunavlje.info\/dir\/wp-json\/wp\/v2\/posts\/123788\/revisions\/123791"}],"wp:featuredmedia":[{"embeddable":true,"href":"https:\/\/www.podunavlje.info\/dir\/wp-json\/wp\/v2\/media\/12032"}],"wp:attachment":[{"href":"https:\/\/www.podunavlje.info\/dir\/wp-json\/wp\/v2\/media?parent=123788"}],"wp:term":[{"taxonomy":"category","embeddable":true,"href":"https:\/\/www.podunavlje.info\/dir\/wp-json\/wp\/v2\/categories?post=123788"},{"taxonomy":"post_tag","embeddable":true,"href":"https:\/\/www.podunavlje.info\/dir\/wp-json\/wp\/v2\/tags?post=123788"}],"curies":[{"name":"wp","href":"https:\/\/api.w.org\/{rel}","templated":true}]}}