{"id":123733,"date":"2026-08-21T06:57:53","date_gmt":"2026-08-21T05:57:53","guid":{"rendered":"https:\/\/www.podunavlje.info\/dir\/?p=123733"},"modified":"2026-08-21T08:02:03","modified_gmt":"2026-08-21T07:02:03","slug":"pocinje-deveti-dunav-film-fest","status":"publish","type":"post","link":"https:\/\/www.podunavlje.info\/dir\/2026\/08\/21\/pocinje-deveti-dunav-film-fest\/","title":{"rendered":"Po\u010dinje deveti Dunav Film Fest"},"content":{"rendered":"<p>21. avgust 2026 \u2013 Dunav Film Fest ovog petka, 21. avgusta, u 20 \u010dasova, u Malom gradu Smederevske tvr\u0111ave, otvara projekcija filma \u201eKu\u0107a&#8220; rediteljke Tanje Brzakovi\u0107.<\/p>\n<p>Dugometra\u017eni prvenac autorke prati Jovana, arhitektu srpskog porekla koji je ve\u0107i deo \u017eivota proveo u Berlinu i koji se, nakon zdravstvenih problema, vra\u0107a u rodni kraj sa unukom kojeg gotovo ne poznaje.<\/p>\n<p>U filmu igraju Miralem Zub\u010devi\u0107, David Stan\u010du, Jelena Bosanac, Anica Dobra, Sanja Vejnovi\u0107, Nika Rozman, kao i glumci iz Pirota, Zoran \u017divkovi\u0107, Milan Nakov, Aleksandar Aleksi\u0107 i Danica Miti\u0107.<\/p>\n<p>Nakon projekcije publici \u0107e se pokloniti mnogobrojna ekipa filma.<\/p>\n<p>Na sve\u010danom otvaranju festivala publika \u0107e imati priliku da \u010duje i Ivanu Rudi\u0107, gitaristkinju, producentkinju, kantautorku i ekolo\u0161ku aktivistkinju, koja \u0107e izvesti svoju autorsku pesmu \u201eTrka ljubavi&#8220;.<\/p>\n<p>U takmi\u010darskom programu ovogodi\u0161nje Dunav Film Festa, koji \u0107e biti prikazan u ambijentu Malog grada Smederevske tvr\u0111ave, publiku o\u010dekuje jo\u0161 osam ostvarenja sa fokusom na zemlje podunavskog podneblja. Me\u0111u njima su \u201eOdlazim u junu&#8220; rediteljke Katharine Rivilis, \u201eEuforija&#8220; Juliana Rosefelta, \u201eMade in EU&#8220; Stefana Komandareva, \u201eKoko\u0161ka&#8220;\u00a0 \u0110er\u0111 Palfi, \u201eRoze&#8220; Markusa \u0160lajncera, \u201eNina Roza&#8220; \u017denevjev Dulud-De Sela, \u201eNe\u017eno \u010dudovi\u0161te&#8220; Mari Krojcer i \u201eUsnula avantura&#8220; Valeske Grizebah.<\/p>\n<p>O dobitniku festivalske nagrade Dunavska la\u0111a za najbolji film odlu\u010diva\u0107e tro\u010dlani \u017eiri u sastavu Ana Filipovi\u0107, istori\u010darka umetnosti i filmska kriti\u010darka, Sara Novak, francusko-srpska glumica koja \u017eivi i radi izme\u0111u Pariza i Rima, i Igor Toholj, reditelj i producent.<\/p>\n<p style=\"text-align: right;\"><em>Foto: Aleksandar S. Kalezi\u0107<\/em><\/p>\n<p>&nbsp;<\/p>\n","protected":false},"excerpt":{"rendered":"<p>21. avgust 2026 \u2013 Dunav Film Fest ovog petka, 21. avgusta, u 20 \u010dasova, u Malom gradu Smederevske tvr\u0111ave, otvara projekcija filma \u201eKu\u0107a&#8220; rediteljke Tanje Brzakovi\u0107. Dugometra\u017eni prvenac autorke prati Jovana, arhitektu srpskog porekla koji je ve\u0107i deo \u017eivota proveo u Berlinu i koji se, nakon zdravstvenih problema, vra\u0107a u rodni kraj sa unukom kojeg [&hellip;]<\/p>\n","protected":false},"author":5,"featured_media":123735,"comment_status":"open","ping_status":"closed","sticky":false,"template":"","format":"standard","meta":{"footnotes":""},"categories":[46],"tags":[24219,5808,24181],"class_list":["post-123733","post","type-post","status-publish","format-standard","has-post-thumbnail","hentry","category-kultura","tag-ca","tag-dunav-film-fest","tag-tanja-brzakovic"],"yoast_head":"<!-- This site is optimized with the Yoast SEO plugin v28.4 - https:\/\/yoast.com\/product\/yoast-seo-wordpress\/ -->\n<title>Po\u010dinje deveti Dunav Film Fest -<\/title>\n<meta name=\"robots\" content=\"index, follow, max-snippet:-1, max-image-preview:large, max-video-preview:-1\" \/>\n<link rel=\"canonical\" href=\"https:\/\/www.podunavlje.info\/dir\/2026\/08\/21\/pocinje-deveti-dunav-film-fest\/\" \/>\n<meta property=\"og:locale\" content=\"sr_RS\" \/>\n<meta property=\"og:type\" content=\"article\" \/>\n<meta property=\"og:title\" content=\"Po\u010dinje deveti Dunav Film Fest -\" \/>\n<meta property=\"og:description\" content=\"21. avgust 2026 \u2013 Dunav Film Fest ovog petka, 21. avgusta, u 20 \u010dasova, u Malom gradu Smederevske tvr\u0111ave, otvara projekcija filma \u201eKu\u0107a&#8220; rediteljke Tanje Brzakovi\u0107. Dugometra\u017eni prvenac autorke prati Jovana, arhitektu srpskog porekla koji je ve\u0107i deo \u017eivota proveo u Berlinu i koji se, nakon zdravstvenih problema, vra\u0107a u rodni kraj sa unukom kojeg [&hellip;]\" \/>\n<meta property=\"og:url\" content=\"https:\/\/www.podunavlje.info\/dir\/2026\/08\/21\/pocinje-deveti-dunav-film-fest\/\" \/>\n<meta property=\"article:publisher\" content=\"https:\/\/www.facebook.com\/podunavlje.info\/\" \/>\n<meta property=\"article:published_time\" content=\"2026-08-21T05:57:53+00:00\" \/>\n<meta property=\"article:modified_time\" content=\"2026-08-21T07:02:03+00:00\" \/>\n<meta property=\"og:image\" content=\"https:\/\/www.podunavlje.info\/dir\/wp-content\/uploads\/2026\/08\/pocinje-dunav-film-fest.webp\" \/>\n\t<meta property=\"og:image:width\" content=\"840\" \/>\n\t<meta property=\"og:image:height\" content=\"480\" \/>\n\t<meta property=\"og:image:type\" content=\"image\/webp\" \/>\n<meta name=\"author\" content=\"Redakcija\" \/>\n<meta name=\"twitter:card\" content=\"summary_large_image\" \/>\n<meta name=\"twitter:creator\" content=\"@PodunavljeInfo\" \/>\n<meta name=\"twitter:site\" content=\"@PodunavljeInfo\" \/>\n<meta name=\"twitter:label1\" content=\"Napisano od\" \/>\n\t<meta name=\"twitter:data1\" content=\"Redakcija\" \/>\n\t<meta name=\"twitter:label2\" content=\"Procenjeno vreme \u010ditanja\" \/>\n\t<meta name=\"twitter:data2\" content=\"2 minuta\" \/>\n<script type=\"application\/ld+json\" class=\"yoast-schema-graph\">{\"@context\":\"https:\\\/\\\/schema.org\",\"@graph\":[{\"@type\":\"Article\",\"@id\":\"https:\\\/\\\/www.podunavlje.info\\\/dir\\\/2026\\\/08\\\/21\\\/pocinje-deveti-dunav-film-fest\\\/#article\",\"isPartOf\":{\"@id\":\"https:\\\/\\\/www.podunavlje.info\\\/dir\\\/2026\\\/08\\\/21\\\/pocinje-deveti-dunav-film-fest\\\/\"},\"author\":{\"name\":\"Redakcija\",\"@id\":\"https:\\\/\\\/www.podunavlje.info\\\/dir\\\/#\\\/schema\\\/person\\\/454a0d6f0754c295c90a7b1c0e03bd30\"},\"headline\":\"Po\u010dinje deveti Dunav Film Fest\",\"datePublished\":\"2026-08-21T05:57:53+00:00\",\"dateModified\":\"2026-08-21T07:02:03+00:00\",\"mainEntityOfPage\":{\"@id\":\"https:\\\/\\\/www.podunavlje.info\\\/dir\\\/2026\\\/08\\\/21\\\/pocinje-deveti-dunav-film-fest\\\/\"},\"wordCount\":257,\"commentCount\":0,\"image\":{\"@id\":\"https:\\\/\\\/www.podunavlje.info\\\/dir\\\/2026\\\/08\\\/21\\\/pocinje-deveti-dunav-film-fest\\\/#primaryimage\"},\"thumbnailUrl\":\"https:\\\/\\\/www.podunavlje.info\\\/dir\\\/wp-content\\\/uploads\\\/2026\\\/08\\\/pocinje-dunav-film-fest.webp\",\"keywords\":[\"\u0107a\",\"Dunav Film Fest\",\"Tanja Brzakovi\u0107\"],\"articleSection\":[\"KULTURA\"],\"inLanguage\":\"sr-RS\",\"potentialAction\":[{\"@type\":\"CommentAction\",\"name\":\"Comment\",\"target\":[\"https:\\\/\\\/www.podunavlje.info\\\/dir\\\/2026\\\/08\\\/21\\\/pocinje-deveti-dunav-film-fest\\\/#respond\"]}]},{\"@type\":\"WebPage\",\"@id\":\"https:\\\/\\\/www.podunavlje.info\\\/dir\\\/2026\\\/08\\\/21\\\/pocinje-deveti-dunav-film-fest\\\/\",\"url\":\"https:\\\/\\\/www.podunavlje.info\\\/dir\\\/2026\\\/08\\\/21\\\/pocinje-deveti-dunav-film-fest\\\/\",\"name\":\"Po\u010dinje deveti Dunav Film Fest -\",\"isPartOf\":{\"@id\":\"https:\\\/\\\/www.podunavlje.info\\\/dir\\\/#website\"},\"primaryImageOfPage\":{\"@id\":\"https:\\\/\\\/www.podunavlje.info\\\/dir\\\/2026\\\/08\\\/21\\\/pocinje-deveti-dunav-film-fest\\\/#primaryimage\"},\"image\":{\"@id\":\"https:\\\/\\\/www.podunavlje.info\\\/dir\\\/2026\\\/08\\\/21\\\/pocinje-deveti-dunav-film-fest\\\/#primaryimage\"},\"thumbnailUrl\":\"https:\\\/\\\/www.podunavlje.info\\\/dir\\\/wp-content\\\/uploads\\\/2026\\\/08\\\/pocinje-dunav-film-fest.webp\",\"datePublished\":\"2026-08-21T05:57:53+00:00\",\"dateModified\":\"2026-08-21T07:02:03+00:00\",\"author\":{\"@id\":\"https:\\\/\\\/www.podunavlje.info\\\/dir\\\/#\\\/schema\\\/person\\\/454a0d6f0754c295c90a7b1c0e03bd30\"},\"breadcrumb\":{\"@id\":\"https:\\\/\\\/www.podunavlje.info\\\/dir\\\/2026\\\/08\\\/21\\\/pocinje-deveti-dunav-film-fest\\\/#breadcrumb\"},\"inLanguage\":\"sr-RS\",\"potentialAction\":[{\"@type\":\"ReadAction\",\"target\":[\"https:\\\/\\\/www.podunavlje.info\\\/dir\\\/2026\\\/08\\\/21\\\/pocinje-deveti-dunav-film-fest\\\/\"]}]},{\"@type\":\"ImageObject\",\"inLanguage\":\"sr-RS\",\"@id\":\"https:\\\/\\\/www.podunavlje.info\\\/dir\\\/2026\\\/08\\\/21\\\/pocinje-deveti-dunav-film-fest\\\/#primaryimage\",\"url\":\"https:\\\/\\\/www.podunavlje.info\\\/dir\\\/wp-content\\\/uploads\\\/2026\\\/08\\\/pocinje-dunav-film-fest.webp\",\"contentUrl\":\"https:\\\/\\\/www.podunavlje.info\\\/dir\\\/wp-content\\\/uploads\\\/2026\\\/08\\\/pocinje-dunav-film-fest.webp\",\"width\":840,\"height\":480},{\"@type\":\"BreadcrumbList\",\"@id\":\"https:\\\/\\\/www.podunavlje.info\\\/dir\\\/2026\\\/08\\\/21\\\/pocinje-deveti-dunav-film-fest\\\/#breadcrumb\",\"itemListElement\":[{\"@type\":\"ListItem\",\"position\":1,\"name\":\"Home\",\"item\":\"https:\\\/\\\/www.podunavlje.info\\\/dir\\\/\"},{\"@type\":\"ListItem\",\"position\":2,\"name\":\"Po\u010dinje deveti Dunav Film Fest\"}]},{\"@type\":\"WebSite\",\"@id\":\"https:\\\/\\\/www.podunavlje.info\\\/dir\\\/#website\",\"url\":\"https:\\\/\\\/www.podunavlje.info\\\/dir\\\/\",\"name\":\"\",\"description\":\"\",\"potentialAction\":[{\"@type\":\"SearchAction\",\"target\":{\"@type\":\"EntryPoint\",\"urlTemplate\":\"https:\\\/\\\/www.podunavlje.info\\\/dir\\\/?s={search_term_string}\"},\"query-input\":{\"@type\":\"PropertyValueSpecification\",\"valueRequired\":true,\"valueName\":\"search_term_string\"}}],\"inLanguage\":\"sr-RS\"},{\"@type\":\"Person\",\"@id\":\"https:\\\/\\\/www.podunavlje.info\\\/dir\\\/#\\\/schema\\\/person\\\/454a0d6f0754c295c90a7b1c0e03bd30\",\"name\":\"Redakcija\",\"sameAs\":[\"http:\\\/\\\/podunavlje.info\"],\"url\":\"https:\\\/\\\/www.podunavlje.info\\\/dir\\\/author\\\/redakcija\\\/\"}]}<\/script>\n<!-- \/ Yoast SEO plugin. -->","yoast_head_json":{"title":"Po\u010dinje deveti Dunav Film Fest -","robots":{"index":"index","follow":"follow","max-snippet":"max-snippet:-1","max-image-preview":"max-image-preview:large","max-video-preview":"max-video-preview:-1"},"canonical":"https:\/\/www.podunavlje.info\/dir\/2026\/08\/21\/pocinje-deveti-dunav-film-fest\/","og_locale":"sr_RS","og_type":"article","og_title":"Po\u010dinje deveti Dunav Film Fest -","og_description":"21. avgust 2026 \u2013 Dunav Film Fest ovog petka, 21. avgusta, u 20 \u010dasova, u Malom gradu Smederevske tvr\u0111ave, otvara projekcija filma \u201eKu\u0107a&#8220; rediteljke Tanje Brzakovi\u0107. Dugometra\u017eni prvenac autorke prati Jovana, arhitektu srpskog porekla koji je ve\u0107i deo \u017eivota proveo u Berlinu i koji se, nakon zdravstvenih problema, vra\u0107a u rodni kraj sa unukom kojeg [&hellip;]","og_url":"https:\/\/www.podunavlje.info\/dir\/2026\/08\/21\/pocinje-deveti-dunav-film-fest\/","article_publisher":"https:\/\/www.facebook.com\/podunavlje.info\/","article_published_time":"2026-08-21T05:57:53+00:00","article_modified_time":"2026-08-21T07:02:03+00:00","og_image":[{"width":840,"height":480,"url":"https:\/\/www.podunavlje.info\/dir\/wp-content\/uploads\/2026\/08\/pocinje-dunav-film-fest.webp","type":"image\/webp"}],"author":"Redakcija","twitter_card":"summary_large_image","twitter_creator":"@PodunavljeInfo","twitter_site":"@PodunavljeInfo","twitter_misc":{"Napisano od":"Redakcija","Procenjeno vreme \u010ditanja":"2 minuta"},"schema":{"@context":"https:\/\/schema.org","@graph":[{"@type":"Article","@id":"https:\/\/www.podunavlje.info\/dir\/2026\/08\/21\/pocinje-deveti-dunav-film-fest\/#article","isPartOf":{"@id":"https:\/\/www.podunavlje.info\/dir\/2026\/08\/21\/pocinje-deveti-dunav-film-fest\/"},"author":{"name":"Redakcija","@id":"https:\/\/www.podunavlje.info\/dir\/#\/schema\/person\/454a0d6f0754c295c90a7b1c0e03bd30"},"headline":"Po\u010dinje deveti Dunav Film Fest","datePublished":"2026-08-21T05:57:53+00:00","dateModified":"2026-08-21T07:02:03+00:00","mainEntityOfPage":{"@id":"https:\/\/www.podunavlje.info\/dir\/2026\/08\/21\/pocinje-deveti-dunav-film-fest\/"},"wordCount":257,"commentCount":0,"image":{"@id":"https:\/\/www.podunavlje.info\/dir\/2026\/08\/21\/pocinje-deveti-dunav-film-fest\/#primaryimage"},"thumbnailUrl":"https:\/\/www.podunavlje.info\/dir\/wp-content\/uploads\/2026\/08\/pocinje-dunav-film-fest.webp","keywords":["\u0107a","Dunav Film Fest","Tanja Brzakovi\u0107"],"articleSection":["KULTURA"],"inLanguage":"sr-RS","potentialAction":[{"@type":"CommentAction","name":"Comment","target":["https:\/\/www.podunavlje.info\/dir\/2026\/08\/21\/pocinje-deveti-dunav-film-fest\/#respond"]}]},{"@type":"WebPage","@id":"https:\/\/www.podunavlje.info\/dir\/2026\/08\/21\/pocinje-deveti-dunav-film-fest\/","url":"https:\/\/www.podunavlje.info\/dir\/2026\/08\/21\/pocinje-deveti-dunav-film-fest\/","name":"Po\u010dinje deveti Dunav Film Fest -","isPartOf":{"@id":"https:\/\/www.podunavlje.info\/dir\/#website"},"primaryImageOfPage":{"@id":"https:\/\/www.podunavlje.info\/dir\/2026\/08\/21\/pocinje-deveti-dunav-film-fest\/#primaryimage"},"image":{"@id":"https:\/\/www.podunavlje.info\/dir\/2026\/08\/21\/pocinje-deveti-dunav-film-fest\/#primaryimage"},"thumbnailUrl":"https:\/\/www.podunavlje.info\/dir\/wp-content\/uploads\/2026\/08\/pocinje-dunav-film-fest.webp","datePublished":"2026-08-21T05:57:53+00:00","dateModified":"2026-08-21T07:02:03+00:00","author":{"@id":"https:\/\/www.podunavlje.info\/dir\/#\/schema\/person\/454a0d6f0754c295c90a7b1c0e03bd30"},"breadcrumb":{"@id":"https:\/\/www.podunavlje.info\/dir\/2026\/08\/21\/pocinje-deveti-dunav-film-fest\/#breadcrumb"},"inLanguage":"sr-RS","potentialAction":[{"@type":"ReadAction","target":["https:\/\/www.podunavlje.info\/dir\/2026\/08\/21\/pocinje-deveti-dunav-film-fest\/"]}]},{"@type":"ImageObject","inLanguage":"sr-RS","@id":"https:\/\/www.podunavlje.info\/dir\/2026\/08\/21\/pocinje-deveti-dunav-film-fest\/#primaryimage","url":"https:\/\/www.podunavlje.info\/dir\/wp-content\/uploads\/2026\/08\/pocinje-dunav-film-fest.webp","contentUrl":"https:\/\/www.podunavlje.info\/dir\/wp-content\/uploads\/2026\/08\/pocinje-dunav-film-fest.webp","width":840,"height":480},{"@type":"BreadcrumbList","@id":"https:\/\/www.podunavlje.info\/dir\/2026\/08\/21\/pocinje-deveti-dunav-film-fest\/#breadcrumb","itemListElement":[{"@type":"ListItem","position":1,"name":"Home","item":"https:\/\/www.podunavlje.info\/dir\/"},{"@type":"ListItem","position":2,"name":"Po\u010dinje deveti Dunav Film Fest"}]},{"@type":"WebSite","@id":"https:\/\/www.podunavlje.info\/dir\/#website","url":"https:\/\/www.podunavlje.info\/dir\/","name":"","description":"","potentialAction":[{"@type":"SearchAction","target":{"@type":"EntryPoint","urlTemplate":"https:\/\/www.podunavlje.info\/dir\/?s={search_term_string}"},"query-input":{"@type":"PropertyValueSpecification","valueRequired":true,"valueName":"search_term_string"}}],"inLanguage":"sr-RS"},{"@type":"Person","@id":"https:\/\/www.podunavlje.info\/dir\/#\/schema\/person\/454a0d6f0754c295c90a7b1c0e03bd30","name":"Redakcija","sameAs":["http:\/\/podunavlje.info"],"url":"https:\/\/www.podunavlje.info\/dir\/author\/redakcija\/"}]}},"_links":{"self":[{"href":"https:\/\/www.podunavlje.info\/dir\/wp-json\/wp\/v2\/posts\/123733","targetHints":{"allow":["GET"]}}],"collection":[{"href":"https:\/\/www.podunavlje.info\/dir\/wp-json\/wp\/v2\/posts"}],"about":[{"href":"https:\/\/www.podunavlje.info\/dir\/wp-json\/wp\/v2\/types\/post"}],"author":[{"embeddable":true,"href":"https:\/\/www.podunavlje.info\/dir\/wp-json\/wp\/v2\/users\/5"}],"replies":[{"embeddable":true,"href":"https:\/\/www.podunavlje.info\/dir\/wp-json\/wp\/v2\/comments?post=123733"}],"version-history":[{"count":3,"href":"https:\/\/www.podunavlje.info\/dir\/wp-json\/wp\/v2\/posts\/123733\/revisions"}],"predecessor-version":[{"id":123737,"href":"https:\/\/www.podunavlje.info\/dir\/wp-json\/wp\/v2\/posts\/123733\/revisions\/123737"}],"wp:featuredmedia":[{"embeddable":true,"href":"https:\/\/www.podunavlje.info\/dir\/wp-json\/wp\/v2\/media\/123735"}],"wp:attachment":[{"href":"https:\/\/www.podunavlje.info\/dir\/wp-json\/wp\/v2\/media?parent=123733"}],"wp:term":[{"taxonomy":"category","embeddable":true,"href":"https:\/\/www.podunavlje.info\/dir\/wp-json\/wp\/v2\/categories?post=123733"},{"taxonomy":"post_tag","embeddable":true,"href":"https:\/\/www.podunavlje.info\/dir\/wp-json\/wp\/v2\/tags?post=123733"}],"curies":[{"name":"wp","href":"https:\/\/api.w.org\/{rel}","templated":true}]}}