{"id":123612,"date":"2026-08-16T07:09:16","date_gmt":"2026-08-16T06:09:16","guid":{"rendered":"https:\/\/www.podunavlje.info\/dir\/?p=123612"},"modified":"2026-08-16T07:10:05","modified_gmt":"2026-08-16T06:10:05","slug":"heavy-prica-sa-jadrankom-u-art-cetvrti","status":"publish","type":"post","link":"https:\/\/www.podunavlje.info\/dir\/2026\/08\/16\/heavy-prica-sa-jadrankom-u-art-cetvrti\/","title":{"rendered":"Heavy pri\u010da sa Jadrankom"},"content":{"rendered":"<p>16. avgust 2026 \u2013 Jadranka Jankovi\u0107 Ne\u0161i\u0107, jedna od pionirki rok i hevi metal novinarstva na ovim prostorima, ove nedeljne ve\u010deri go\u0161\u0107a je Art \u010detvrti u Smederevu.<\/p>\n<p>Ona je decenijama je pratila svetsku scenu, razgovarala sa najve\u0107im imenima i ure\u0111ivala kultne muzi\u010dke emisije. Mot\u00f6rhead, Metallica, Megadeth, Guns N&#8217; Roses, Iron Maiden, W.A.S.P. i mnogi drugi bili su deo njenog novinarskog sveta.<\/p>\n<p>O tim vremenima, koncertima, muzici koja je obele\u017eila generacije, kao i o polo\u017eaju novinara u Srbiji danas, sa Jadrankom \u0107e razgovarati Dragan \u017divkovi\u0107 Pizzi &#8211; muzi\u010dar i vi\u0161edecenijski poznavalac i hroni\u010dar muzi\u010dke scene, nekada\u0161nji muzi\u010dki urednik Radio Smedereva.<\/p>\n<p>Po\u010detak ovog zanimljivog doga\u0111anja, koje kao i mnoge sli\u010dne organizuje Razbijanje ti\u0161ine, zakazan je za 20 i 30 u Etno klubu, a ulaz je slobodan.<\/p>\n","protected":false},"excerpt":{"rendered":"<p>16. avgust 2026 \u2013 Jadranka Jankovi\u0107 Ne\u0161i\u0107, jedna od pionirki rok i hevi metal novinarstva na ovim prostorima, ove nedeljne ve\u010deri go\u0161\u0107a je Art \u010detvrti u Smederevu. Ona je decenijama je pratila svetsku scenu, razgovarala sa najve\u0107im imenima i ure\u0111ivala kultne muzi\u010dke emisije. Mot\u00f6rhead, Metallica, Megadeth, Guns N&#8217; Roses, Iron Maiden, W.A.S.P. i mnogi drugi [&hellip;]<\/p>\n","protected":false},"author":5,"featured_media":123613,"comment_status":"open","ping_status":"closed","sticky":false,"template":"","format":"standard","meta":{"footnotes":""},"categories":[46],"tags":[14514,24206],"class_list":["post-123612","post","type-post","status-publish","format-standard","has-post-thumbnail","hentry","category-kultura","tag-art-cetvrt","tag-jadranka-jankovic-nesic"],"yoast_head":"<!-- This site is optimized with the Yoast SEO plugin v28.4 - https:\/\/yoast.com\/product\/yoast-seo-wordpress\/ -->\n<title>Heavy pri\u010da sa Jadrankom -<\/title>\n<meta name=\"robots\" content=\"index, follow, max-snippet:-1, max-image-preview:large, max-video-preview:-1\" \/>\n<link rel=\"canonical\" href=\"https:\/\/www.podunavlje.info\/dir\/2026\/08\/16\/heavy-prica-sa-jadrankom-u-art-cetvrti\/\" \/>\n<meta property=\"og:locale\" content=\"sr_RS\" \/>\n<meta property=\"og:type\" content=\"article\" \/>\n<meta property=\"og:title\" content=\"Heavy pri\u010da sa Jadrankom -\" \/>\n<meta property=\"og:description\" content=\"16. avgust 2026 \u2013 Jadranka Jankovi\u0107 Ne\u0161i\u0107, jedna od pionirki rok i hevi metal novinarstva na ovim prostorima, ove nedeljne ve\u010deri go\u0161\u0107a je Art \u010detvrti u Smederevu. Ona je decenijama je pratila svetsku scenu, razgovarala sa najve\u0107im imenima i ure\u0111ivala kultne muzi\u010dke emisije. Mot\u00f6rhead, Metallica, Megadeth, Guns N&#8217; Roses, Iron Maiden, W.A.S.P. i mnogi drugi [&hellip;]\" \/>\n<meta property=\"og:url\" content=\"https:\/\/www.podunavlje.info\/dir\/2026\/08\/16\/heavy-prica-sa-jadrankom-u-art-cetvrti\/\" \/>\n<meta property=\"article:publisher\" content=\"https:\/\/www.facebook.com\/podunavlje.info\/\" \/>\n<meta property=\"article:published_time\" content=\"2026-08-16T06:09:16+00:00\" \/>\n<meta property=\"article:modified_time\" content=\"2026-08-16T06:10:05+00:00\" \/>\n<meta property=\"og:image\" content=\"https:\/\/www.podunavlje.info\/dir\/wp-content\/uploads\/2026\/08\/jadranka-jankovic.webp\" \/>\n\t<meta property=\"og:image:width\" content=\"840\" \/>\n\t<meta property=\"og:image:height\" content=\"480\" \/>\n\t<meta property=\"og:image:type\" content=\"image\/webp\" \/>\n<meta name=\"author\" content=\"Redakcija\" \/>\n<meta name=\"twitter:card\" content=\"summary_large_image\" \/>\n<meta name=\"twitter:creator\" content=\"@PodunavljeInfo\" \/>\n<meta name=\"twitter:site\" content=\"@PodunavljeInfo\" \/>\n<meta name=\"twitter:label1\" content=\"Napisano od\" \/>\n\t<meta name=\"twitter:data1\" content=\"Redakcija\" \/>\n\t<meta name=\"twitter:label2\" content=\"Procenjeno vreme \u010ditanja\" \/>\n\t<meta name=\"twitter:data2\" content=\"1 minut\" \/>\n<script type=\"application\/ld+json\" class=\"yoast-schema-graph\">{\"@context\":\"https:\\\/\\\/schema.org\",\"@graph\":[{\"@type\":\"Article\",\"@id\":\"https:\\\/\\\/www.podunavlje.info\\\/dir\\\/2026\\\/08\\\/16\\\/heavy-prica-sa-jadrankom-u-art-cetvrti\\\/#article\",\"isPartOf\":{\"@id\":\"https:\\\/\\\/www.podunavlje.info\\\/dir\\\/2026\\\/08\\\/16\\\/heavy-prica-sa-jadrankom-u-art-cetvrti\\\/\"},\"author\":{\"name\":\"Redakcija\",\"@id\":\"https:\\\/\\\/www.podunavlje.info\\\/dir\\\/#\\\/schema\\\/person\\\/454a0d6f0754c295c90a7b1c0e03bd30\"},\"headline\":\"Heavy pri\u010da sa Jadrankom\",\"datePublished\":\"2026-08-16T06:09:16+00:00\",\"dateModified\":\"2026-08-16T06:10:05+00:00\",\"mainEntityOfPage\":{\"@id\":\"https:\\\/\\\/www.podunavlje.info\\\/dir\\\/2026\\\/08\\\/16\\\/heavy-prica-sa-jadrankom-u-art-cetvrti\\\/\"},\"wordCount\":146,\"commentCount\":0,\"image\":{\"@id\":\"https:\\\/\\\/www.podunavlje.info\\\/dir\\\/2026\\\/08\\\/16\\\/heavy-prica-sa-jadrankom-u-art-cetvrti\\\/#primaryimage\"},\"thumbnailUrl\":\"https:\\\/\\\/www.podunavlje.info\\\/dir\\\/wp-content\\\/uploads\\\/2026\\\/08\\\/jadranka-jankovic.webp\",\"keywords\":[\"Art \u010detvrt\",\"Jadranka Jankovi\u0107 Ne\u0161i\u0107\"],\"articleSection\":[\"KULTURA\"],\"inLanguage\":\"sr-RS\",\"potentialAction\":[{\"@type\":\"CommentAction\",\"name\":\"Comment\",\"target\":[\"https:\\\/\\\/www.podunavlje.info\\\/dir\\\/2026\\\/08\\\/16\\\/heavy-prica-sa-jadrankom-u-art-cetvrti\\\/#respond\"]}]},{\"@type\":\"WebPage\",\"@id\":\"https:\\\/\\\/www.podunavlje.info\\\/dir\\\/2026\\\/08\\\/16\\\/heavy-prica-sa-jadrankom-u-art-cetvrti\\\/\",\"url\":\"https:\\\/\\\/www.podunavlje.info\\\/dir\\\/2026\\\/08\\\/16\\\/heavy-prica-sa-jadrankom-u-art-cetvrti\\\/\",\"name\":\"Heavy pri\u010da sa Jadrankom -\",\"isPartOf\":{\"@id\":\"https:\\\/\\\/www.podunavlje.info\\\/dir\\\/#website\"},\"primaryImageOfPage\":{\"@id\":\"https:\\\/\\\/www.podunavlje.info\\\/dir\\\/2026\\\/08\\\/16\\\/heavy-prica-sa-jadrankom-u-art-cetvrti\\\/#primaryimage\"},\"image\":{\"@id\":\"https:\\\/\\\/www.podunavlje.info\\\/dir\\\/2026\\\/08\\\/16\\\/heavy-prica-sa-jadrankom-u-art-cetvrti\\\/#primaryimage\"},\"thumbnailUrl\":\"https:\\\/\\\/www.podunavlje.info\\\/dir\\\/wp-content\\\/uploads\\\/2026\\\/08\\\/jadranka-jankovic.webp\",\"datePublished\":\"2026-08-16T06:09:16+00:00\",\"dateModified\":\"2026-08-16T06:10:05+00:00\",\"author\":{\"@id\":\"https:\\\/\\\/www.podunavlje.info\\\/dir\\\/#\\\/schema\\\/person\\\/454a0d6f0754c295c90a7b1c0e03bd30\"},\"breadcrumb\":{\"@id\":\"https:\\\/\\\/www.podunavlje.info\\\/dir\\\/2026\\\/08\\\/16\\\/heavy-prica-sa-jadrankom-u-art-cetvrti\\\/#breadcrumb\"},\"inLanguage\":\"sr-RS\",\"potentialAction\":[{\"@type\":\"ReadAction\",\"target\":[\"https:\\\/\\\/www.podunavlje.info\\\/dir\\\/2026\\\/08\\\/16\\\/heavy-prica-sa-jadrankom-u-art-cetvrti\\\/\"]}]},{\"@type\":\"ImageObject\",\"inLanguage\":\"sr-RS\",\"@id\":\"https:\\\/\\\/www.podunavlje.info\\\/dir\\\/2026\\\/08\\\/16\\\/heavy-prica-sa-jadrankom-u-art-cetvrti\\\/#primaryimage\",\"url\":\"https:\\\/\\\/www.podunavlje.info\\\/dir\\\/wp-content\\\/uploads\\\/2026\\\/08\\\/jadranka-jankovic.webp\",\"contentUrl\":\"https:\\\/\\\/www.podunavlje.info\\\/dir\\\/wp-content\\\/uploads\\\/2026\\\/08\\\/jadranka-jankovic.webp\",\"width\":840,\"height\":480},{\"@type\":\"BreadcrumbList\",\"@id\":\"https:\\\/\\\/www.podunavlje.info\\\/dir\\\/2026\\\/08\\\/16\\\/heavy-prica-sa-jadrankom-u-art-cetvrti\\\/#breadcrumb\",\"itemListElement\":[{\"@type\":\"ListItem\",\"position\":1,\"name\":\"Home\",\"item\":\"https:\\\/\\\/www.podunavlje.info\\\/dir\\\/\"},{\"@type\":\"ListItem\",\"position\":2,\"name\":\"Heavy pri\u010da sa Jadrankom\"}]},{\"@type\":\"WebSite\",\"@id\":\"https:\\\/\\\/www.podunavlje.info\\\/dir\\\/#website\",\"url\":\"https:\\\/\\\/www.podunavlje.info\\\/dir\\\/\",\"name\":\"\",\"description\":\"\",\"potentialAction\":[{\"@type\":\"SearchAction\",\"target\":{\"@type\":\"EntryPoint\",\"urlTemplate\":\"https:\\\/\\\/www.podunavlje.info\\\/dir\\\/?s={search_term_string}\"},\"query-input\":{\"@type\":\"PropertyValueSpecification\",\"valueRequired\":true,\"valueName\":\"search_term_string\"}}],\"inLanguage\":\"sr-RS\"},{\"@type\":\"Person\",\"@id\":\"https:\\\/\\\/www.podunavlje.info\\\/dir\\\/#\\\/schema\\\/person\\\/454a0d6f0754c295c90a7b1c0e03bd30\",\"name\":\"Redakcija\",\"sameAs\":[\"http:\\\/\\\/podunavlje.info\"],\"url\":\"https:\\\/\\\/www.podunavlje.info\\\/dir\\\/author\\\/redakcija\\\/\"}]}<\/script>\n<!-- \/ Yoast SEO plugin. -->","yoast_head_json":{"title":"Heavy pri\u010da sa Jadrankom -","robots":{"index":"index","follow":"follow","max-snippet":"max-snippet:-1","max-image-preview":"max-image-preview:large","max-video-preview":"max-video-preview:-1"},"canonical":"https:\/\/www.podunavlje.info\/dir\/2026\/08\/16\/heavy-prica-sa-jadrankom-u-art-cetvrti\/","og_locale":"sr_RS","og_type":"article","og_title":"Heavy pri\u010da sa Jadrankom -","og_description":"16. avgust 2026 \u2013 Jadranka Jankovi\u0107 Ne\u0161i\u0107, jedna od pionirki rok i hevi metal novinarstva na ovim prostorima, ove nedeljne ve\u010deri go\u0161\u0107a je Art \u010detvrti u Smederevu. Ona je decenijama je pratila svetsku scenu, razgovarala sa najve\u0107im imenima i ure\u0111ivala kultne muzi\u010dke emisije. Mot\u00f6rhead, Metallica, Megadeth, Guns N&#8217; Roses, Iron Maiden, W.A.S.P. i mnogi drugi [&hellip;]","og_url":"https:\/\/www.podunavlje.info\/dir\/2026\/08\/16\/heavy-prica-sa-jadrankom-u-art-cetvrti\/","article_publisher":"https:\/\/www.facebook.com\/podunavlje.info\/","article_published_time":"2026-08-16T06:09:16+00:00","article_modified_time":"2026-08-16T06:10:05+00:00","og_image":[{"width":840,"height":480,"url":"https:\/\/www.podunavlje.info\/dir\/wp-content\/uploads\/2026\/08\/jadranka-jankovic.webp","type":"image\/webp"}],"author":"Redakcija","twitter_card":"summary_large_image","twitter_creator":"@PodunavljeInfo","twitter_site":"@PodunavljeInfo","twitter_misc":{"Napisano od":"Redakcija","Procenjeno vreme \u010ditanja":"1 minut"},"schema":{"@context":"https:\/\/schema.org","@graph":[{"@type":"Article","@id":"https:\/\/www.podunavlje.info\/dir\/2026\/08\/16\/heavy-prica-sa-jadrankom-u-art-cetvrti\/#article","isPartOf":{"@id":"https:\/\/www.podunavlje.info\/dir\/2026\/08\/16\/heavy-prica-sa-jadrankom-u-art-cetvrti\/"},"author":{"name":"Redakcija","@id":"https:\/\/www.podunavlje.info\/dir\/#\/schema\/person\/454a0d6f0754c295c90a7b1c0e03bd30"},"headline":"Heavy pri\u010da sa Jadrankom","datePublished":"2026-08-16T06:09:16+00:00","dateModified":"2026-08-16T06:10:05+00:00","mainEntityOfPage":{"@id":"https:\/\/www.podunavlje.info\/dir\/2026\/08\/16\/heavy-prica-sa-jadrankom-u-art-cetvrti\/"},"wordCount":146,"commentCount":0,"image":{"@id":"https:\/\/www.podunavlje.info\/dir\/2026\/08\/16\/heavy-prica-sa-jadrankom-u-art-cetvrti\/#primaryimage"},"thumbnailUrl":"https:\/\/www.podunavlje.info\/dir\/wp-content\/uploads\/2026\/08\/jadranka-jankovic.webp","keywords":["Art \u010detvrt","Jadranka Jankovi\u0107 Ne\u0161i\u0107"],"articleSection":["KULTURA"],"inLanguage":"sr-RS","potentialAction":[{"@type":"CommentAction","name":"Comment","target":["https:\/\/www.podunavlje.info\/dir\/2026\/08\/16\/heavy-prica-sa-jadrankom-u-art-cetvrti\/#respond"]}]},{"@type":"WebPage","@id":"https:\/\/www.podunavlje.info\/dir\/2026\/08\/16\/heavy-prica-sa-jadrankom-u-art-cetvrti\/","url":"https:\/\/www.podunavlje.info\/dir\/2026\/08\/16\/heavy-prica-sa-jadrankom-u-art-cetvrti\/","name":"Heavy pri\u010da sa Jadrankom -","isPartOf":{"@id":"https:\/\/www.podunavlje.info\/dir\/#website"},"primaryImageOfPage":{"@id":"https:\/\/www.podunavlje.info\/dir\/2026\/08\/16\/heavy-prica-sa-jadrankom-u-art-cetvrti\/#primaryimage"},"image":{"@id":"https:\/\/www.podunavlje.info\/dir\/2026\/08\/16\/heavy-prica-sa-jadrankom-u-art-cetvrti\/#primaryimage"},"thumbnailUrl":"https:\/\/www.podunavlje.info\/dir\/wp-content\/uploads\/2026\/08\/jadranka-jankovic.webp","datePublished":"2026-08-16T06:09:16+00:00","dateModified":"2026-08-16T06:10:05+00:00","author":{"@id":"https:\/\/www.podunavlje.info\/dir\/#\/schema\/person\/454a0d6f0754c295c90a7b1c0e03bd30"},"breadcrumb":{"@id":"https:\/\/www.podunavlje.info\/dir\/2026\/08\/16\/heavy-prica-sa-jadrankom-u-art-cetvrti\/#breadcrumb"},"inLanguage":"sr-RS","potentialAction":[{"@type":"ReadAction","target":["https:\/\/www.podunavlje.info\/dir\/2026\/08\/16\/heavy-prica-sa-jadrankom-u-art-cetvrti\/"]}]},{"@type":"ImageObject","inLanguage":"sr-RS","@id":"https:\/\/www.podunavlje.info\/dir\/2026\/08\/16\/heavy-prica-sa-jadrankom-u-art-cetvrti\/#primaryimage","url":"https:\/\/www.podunavlje.info\/dir\/wp-content\/uploads\/2026\/08\/jadranka-jankovic.webp","contentUrl":"https:\/\/www.podunavlje.info\/dir\/wp-content\/uploads\/2026\/08\/jadranka-jankovic.webp","width":840,"height":480},{"@type":"BreadcrumbList","@id":"https:\/\/www.podunavlje.info\/dir\/2026\/08\/16\/heavy-prica-sa-jadrankom-u-art-cetvrti\/#breadcrumb","itemListElement":[{"@type":"ListItem","position":1,"name":"Home","item":"https:\/\/www.podunavlje.info\/dir\/"},{"@type":"ListItem","position":2,"name":"Heavy pri\u010da sa Jadrankom"}]},{"@type":"WebSite","@id":"https:\/\/www.podunavlje.info\/dir\/#website","url":"https:\/\/www.podunavlje.info\/dir\/","name":"","description":"","potentialAction":[{"@type":"SearchAction","target":{"@type":"EntryPoint","urlTemplate":"https:\/\/www.podunavlje.info\/dir\/?s={search_term_string}"},"query-input":{"@type":"PropertyValueSpecification","valueRequired":true,"valueName":"search_term_string"}}],"inLanguage":"sr-RS"},{"@type":"Person","@id":"https:\/\/www.podunavlje.info\/dir\/#\/schema\/person\/454a0d6f0754c295c90a7b1c0e03bd30","name":"Redakcija","sameAs":["http:\/\/podunavlje.info"],"url":"https:\/\/www.podunavlje.info\/dir\/author\/redakcija\/"}]}},"_links":{"self":[{"href":"https:\/\/www.podunavlje.info\/dir\/wp-json\/wp\/v2\/posts\/123612","targetHints":{"allow":["GET"]}}],"collection":[{"href":"https:\/\/www.podunavlje.info\/dir\/wp-json\/wp\/v2\/posts"}],"about":[{"href":"https:\/\/www.podunavlje.info\/dir\/wp-json\/wp\/v2\/types\/post"}],"author":[{"embeddable":true,"href":"https:\/\/www.podunavlje.info\/dir\/wp-json\/wp\/v2\/users\/5"}],"replies":[{"embeddable":true,"href":"https:\/\/www.podunavlje.info\/dir\/wp-json\/wp\/v2\/comments?post=123612"}],"version-history":[{"count":3,"href":"https:\/\/www.podunavlje.info\/dir\/wp-json\/wp\/v2\/posts\/123612\/revisions"}],"predecessor-version":[{"id":123616,"href":"https:\/\/www.podunavlje.info\/dir\/wp-json\/wp\/v2\/posts\/123612\/revisions\/123616"}],"wp:featuredmedia":[{"embeddable":true,"href":"https:\/\/www.podunavlje.info\/dir\/wp-json\/wp\/v2\/media\/123613"}],"wp:attachment":[{"href":"https:\/\/www.podunavlje.info\/dir\/wp-json\/wp\/v2\/media?parent=123612"}],"wp:term":[{"taxonomy":"category","embeddable":true,"href":"https:\/\/www.podunavlje.info\/dir\/wp-json\/wp\/v2\/categories?post=123612"},{"taxonomy":"post_tag","embeddable":true,"href":"https:\/\/www.podunavlje.info\/dir\/wp-json\/wp\/v2\/tags?post=123612"}],"curies":[{"name":"wp","href":"https:\/\/api.w.org\/{rel}","templated":true}]}}