{"id":123363,"date":"2026-08-05T06:25:25","date_gmt":"2026-08-05T05:25:25","guid":{"rendered":"https:\/\/www.podunavlje.info\/dir\/?p=123363"},"modified":"2026-08-05T08:30:08","modified_gmt":"2026-08-05T07:30:08","slug":"vodostaj-dunava-ekstremno-nizak-drugi-put-u-samo-cetiri-godine-da-li-je-ovo-nova-normala","status":"publish","type":"post","link":"https:\/\/www.podunavlje.info\/dir\/2026\/08\/05\/vodostaj-dunava-ekstremno-nizak-drugi-put-u-samo-cetiri-godine-da-li-je-ovo-nova-normala\/","title":{"rendered":"Vodostaj Dunava ekstremno nizak \u2013 drugi put u samo \u010detiri godine. Da li je ovo \u201enova normala\u201d?"},"content":{"rendered":"<p>5. avgust 2026 \u2013 Dunav je oduvek bio simbol postojanosti, reka koja povezuje deset zemalja, snabdeva pola kontinenta vodom, energijom i saobra\u0107ajno povezuje. Ipak, leto 2026. pokazuje da \u010dak i takva mo\u0107na reka <strong>ima granicu izdr\u017eljivosti<\/strong>.<\/p>\n<p>Vodostaj kod Bezdana spustio se na -120 cm, \u010dime se pribli\u017eio istorijskom minimumu iz davne 1909. godine.<\/p>\n<p>Sli\u010dna slika ponavlja se du\u017e celog toka reke. U Bratislavi 27. jula zabele\u017een je najni\u017ei vodostaj od 1876. kada su po\u010dela merenja. Kod Budimpe\u0161te je 28. jula izmeren novi istorijski minimum od svega 32 cm, dok je Hrvatskoj vodostaj \u010dak 17 centimetara ni\u017ei od prethodnog minimuma iz 2022. godine.<\/p>\n<p>Drugim re\u010dima, ono \u0161to je 2022. godine izgledalo kao izuzetak,\u00a0<strong>danas vi\u0161e li\u010di na novi obrazac, <\/strong>pi\u0161e <strong><a href=\"https:\/\/klima101.rs\/vodostaj-dunava-susa-2026\/\">klima101.rs<\/a>.<\/strong><\/p>\n<h3>Da li su krive vremenske prilike ili ne\u0161to dublje?<\/h3>\n<p>Da bismo razumeli uzroke, treba razdvojiti dva pojma koja se \u010desto me\u0161aju.<\/p>\n<p><strong>Meteorolo\u0161ka su\u0161a<\/strong>\u00a0ozna\u010dava jednostavno nedostatak padavina u odnosu na prosek.<\/p>\n<p><strong>Hidrolo\u0161ka su\u0161a<\/strong>\u00a0je ne\u0161to drugo, to je pad proticaja i vodostaja same reke, i ona se ne javlja odmah kada nestane ki\u0161e, ve\u0107 sa zaka\u0161njenjem, ponekad i nedeljama kasnije.<\/p>\n<p>Kod Dunava je to ka\u0161njenje posebno izra\u017eeno, zbog velikog sliva koji obuhvata Nema\u010dku, Austriju, Slova\u010dku i Ma\u0111arsku pre ulaska u Srbiju.<\/p>\n<p>To zna\u010di da vodostaj kod Beograda ili Novog Sada zavisi mnogo manje od toga koliko je ki\u0161e palo u Vojvodini,<strong>\u00a0a mnogo vi\u0161e od ki\u0161e pale stotinama kilometara uzvodno, u alpskim slivovima.<\/strong>\u00a0 A i to je samo deo pri\u010de.<\/p>\n<p><img fetchpriority=\"high\" decoding=\"async\" class=\"alignnone size-full wp-image-123364\" src=\"https:\/\/www.podunavlje.info\/dir\/wp-content\/uploads\/2026\/08\/kako-je-nestala-voda-iz-dunava.webp\" alt=\"\" width=\"900\" height=\"750\" srcset=\"https:\/\/www.podunavlje.info\/dir\/wp-content\/uploads\/2026\/08\/kako-je-nestala-voda-iz-dunava.webp 900w, https:\/\/www.podunavlje.info\/dir\/wp-content\/uploads\/2026\/08\/kako-je-nestala-voda-iz-dunava-336x280.webp 336w, https:\/\/www.podunavlje.info\/dir\/wp-content\/uploads\/2026\/08\/kako-je-nestala-voda-iz-dunava-768x640.webp 768w, https:\/\/www.podunavlje.info\/dir\/wp-content\/uploads\/2026\/08\/kako-je-nestala-voda-iz-dunava-650x542.webp 650w, https:\/\/www.podunavlje.info\/dir\/wp-content\/uploads\/2026\/08\/kako-je-nestala-voda-iz-dunava-780x650.webp 780w\" sizes=\"(max-width: 900px) 100vw, 900px\" \/><\/p>\n<p>Naime, ako je zima u Alpima bila siroma\u0161na snegom, Dunav \u0107e biti nizak u julu, bez obzira na vremenske prilike u Srbiji tog leta. Niski vodostaji na Dunavu tradicionalno se javljaju krajem leta, u avgustu ili septembru.<\/p>\n<p>Ove godine, me\u0111utim,\u00a0<strong>kriza je po\u010dela ve\u0107 krajem aprila i po\u010detkom maja<\/strong>, mesecima ranije nego \u0161to je uobi\u010dajeno.<\/p>\n<h3>\u0160ta pokazuju podaci o padavinama i sne\u017enom pokriva\u010du?<\/h3>\n<p>Uzrok ovako ranog i dubokog pada vodostaja Dunava le\u017ei u kombinaciji velikog nedostatka padavina tokom cele godine u centralnoj Evropi i, \u0161to je mo\u017eda jo\u0161 va\u017enije, male koli\u010dine snega na izvori\u0161tu Dunava u ju\u017enoj Nema\u010dkoj.<\/p>\n<p>Na\u017ealost, to nije izolovan slu\u010daj ove godine.<\/p>\n<p>Nova istra\u017eivanja evropskog sne\u017enog pokriva\u010da, zasnovana na rekonstrukciji podataka za poslednjih \u0161est vekova,\u00a0<a href=\"https:\/\/pubmed.ncbi.nlm.nih.gov\/31816624\/\">pokazuju pad koli\u010dine snega<\/a>\u00a0od 20% u periodu decembar-januar i \u010dak 30% u periodu april-maj u odnosu na istorijski prosek.<\/p>\n<p><strong>Kontinent u proseku gubi oko 1,2% sne\u017ene povr\u0161ine po deceniji<\/strong>, sa znatno br\u017eim padom na vi\u0161im nadmorskim visinama, dok su Alpi, koji se smatraju najva\u017enijim \u201evodotornjem\u201d Evrope, u poslednjih pola veka\u00a0<a href=\"https:\/\/tc.copernicus.org\/articles\/15\/1343\/2021\/\">izgubili gotovo 6% sne\u017enog pokriva\u010da po deceniji<\/a>.<\/p>\n<p>To nije apstraktna klimatska statistika, ve\u0107\u00a0<strong>direktno gorivo koje Dunavu nedostaje svakog leta<\/strong>, jer se sneg iz Alpa u normalnim godinama topi postepeno i hrani reku upravo tokom najsu\u0161nijih meseci.<\/p>\n<h3>Da li su krive klimatske promene?<\/h3>\n<p>Odgovor stru\u010dnjaka je jasan, iako oprezan: klimatske promene\u00a0<strong>nisu jedini, ali jesu klju\u010dni uzrok dugoro\u010dnog trenda<\/strong>.<\/p>\n<p>Regionalni klimatski modeli predvi\u0111aju porast prose\u010dne godi\u0161nje temperature od 1,5 do 2,5 \u00b0C do sredine veka, sa izra\u017eenijim zagrevanjem upravo leti, dok projekcije za letnje padavine u Vojvodini i severnoj Srbiji ukazuju\u00a0<a href=\"https:\/\/klima101.rs\/klimatske-promene-predvidjanja-potvrdjena-poljoprivreda\/\">na pad od 10 do 20 procenata<\/a>.<\/p>\n<p>Kombinacija manje padavina\u00a0<a href=\"https:\/\/klima101.rs\/atribucija-klimatskih-promena-toplotni-talas-2026\/\">i sve toplijeg vazduha<\/a>\u00a0stvara mehanizam koji stru\u010dnjaci nazivaju \u201etemperaturno vo\u0111ena su\u0161a\u201d, situaciju u kojoj isparavanje samo po sebi pove\u0107ava deficit vode, \u010dak i kada nedostatak ki\u0161e nije ekstreman.<\/p>\n<p>Istra\u017eivanja pokazuju da nizvodne deonice Dunava bele\u017ee ve\u0107e smanjenje minimalnih proticaja nego uzvodne, \u0161to zna\u010di da je upravo\u00a0<a href=\"https:\/\/scindeks.ceon.rs\/Article.aspx?artid=0354-87242502108L\">donji tok reke<\/a>, onaj kroz Srbiju,\u00a0<a href=\"https:\/\/www.mdpi.com\/2073-4441\/15\/1\/8\">posebno izlo\u017een<\/a>.<\/p>\n<p>Va\u017eno je naglasiti da ovo nije trend\u00a0<a href=\"https:\/\/klima101.rs\/hidroloska-susa-zapadni-balkan-minimalni-proticaji-klimatske-promene\/\">koji se odnosi samo na Srbiju<\/a>, ve\u0107 i Evropu u celini, i da ne mora svaka godina izgledati ovako, ali da \u0107e problem, u nekom obliku, postojati svake godine, bilo u re\u010dnim tokovima, bilo u podzemnim vodama.<\/p>\n<h3>Koje su posledice ovako niskog vodostaja?<\/h3>\n<p>Lako je pomisliti da je nizak vodostaj problem samo ribolovaca, brodara i hidrologa.<\/p>\n<p>U stvarnosti, posledice se\u017eu mnogo dublje u svakodnevni \u017eivot.\u00a0<a href=\"https:\/\/klima101.rs\/leto-kada-su-utihnule-nase-hidroelektrane\/\">O posledicama po proizvodnju elektri\u010dne energije<\/a>\u00a0ve\u0107 se uveliko govori u na\u0161im medijima, a EPS priznaje da bi 2026. mogla biti jedna od najlo\u0161ijih godina u istoriji elektrane.<\/p>\n<p>Snabdevanje sirovom naftom i drugom robom re\u010dnim putem je tako\u0111e ote\u017eano, dakle manje dizela i benzina sti\u017ee na pumpe, transport poskupljuje, a re\u010dni turizam trpi jer veliki broj kompanija koje organizuju krstarenja Dunavom otkazuju polaske.<\/p>\n<p>Poljoprivreda ose\u0107a mo\u017eda\u00a0<strong>najdu\u017ee i najte\u017ee posledice<\/strong>.<\/p>\n<p>U jugoisto\u010dnoj Rumuniji, jednom od najve\u0107ih izvoznika \u017eitarica u EU, vlasti su ograni\u010dile pristup re\u010dnoj vodi za navodnjavanje. \u010cak je i Minhen, na izvori\u0161tu Dunava, uveo zabrane kori\u0161\u0107enja vode, znak da se kriza ose\u0107a od izvora reke do njenog u\u0161\u0107a u Crno more.<\/p>\n<p>I na kraju, tu je i pitanje\u00a0<strong>same reke kao \u017eivog sistema<\/strong>. Manja koli\u010dina vode se br\u017ee zagreva i sadr\u017ei manje kiseonika, \u0161to ugro\u017eava ribu i ostali \u017eivi svet, dok smanjen proticaj slabi sposobnost reke da razbla\u017ei ono \u0161to se u nju ispu\u0161ta.<\/p>\n<h3>Da li mo\u017eemo da ubla\u017eimo ove posledice?<\/h3>\n<p>Po\u0161to je ponavljanje ovakvih uslova realno o\u010dekivati, pitanje koje se prirodno name\u0107e jeste \u0161ta je u na\u0161oj mo\u0107i da se prilagodimo.<\/p>\n<p>Deo problema, naime, nije isklju\u010divo klimatski. Stru\u010dna javnost upozorava i na neracionalno kori\u0161\u0107enje vodnih resursa, od nepotrebnog tro\u0161enja pija\u0107e vode u doma\u0107instvima do va\u0111enja peska i \u0161ljunka iz re\u010dnog korita, koje dodatno produbljuje korito i ubrzava dreniranje podzemnih voda upravo u periodima kada je to najmanje po\u017eeljno.<\/p>\n<p>To su faktori na koje se, za razliku od same klime,\u00a0<strong>mo\u017ee uticati relativno brzo<\/strong>, kroz stro\u017ee regulisanje eksploatacije re\u010dnog materijala i racionalniju potro\u0161nju vode na lokalnom nivou.<\/p>\n<p>Na \u0161irem, dr\u017eavnom i evropskom nivou, stru\u010dnjaci ve\u0107 du\u017ee vreme ukazuju na potrebu za takozvanim\u00a0<a href=\"https:\/\/www.mdpi.com\/2073-4441\/15\/18\/3289\">adaptivnim upravljanjem vodnim resursima<\/a>, pristupom koji se oslanja na kontinuirano pra\u0107enje stanja, umesto na reagovanje tek kada kriza ve\u0107 nastupi.<\/p>\n<p>Budu\u0107i da je Dunav deljena reka, \u010diji tok zavisi od odluka i vremenskih prilika u nizu razli\u010ditih zemalja,<strong>\u00a0izazov nije samo tehni\u010dki ve\u0107 i institucionalni<\/strong>, i potrebna je koordinacija izme\u0111u dr\u017eava kroz \u010dije teritorije reka prolazi, kako bi se, na primer, upravljanje akumulacijama i ispu\u0161tanjem vode uskla\u0111ivalo u periodima krize, a ne prepu\u0161talo svakoj zemlji pojedina\u010dno.<\/p>\n<p><strong>Nijedna od ovih mera ne\u0107e vratiti sneg u Alpe\u00a0<\/strong>niti pove\u0107ati godi\u0161nju koli\u010dinu padavina, ali mogu ubla\u017eiti koliko duboko i koliko brzo meteorolo\u0161ka su\u0161a prelazi u hidrolo\u0161ku, a to je, realno, jedini deo jedna\u010dine na koji trenutno mo\u017eemo da uti\u010demo.<\/p>\n<p>Sve ovo pokazuje da niska voda nije problem koji ostaje na obali reke. On se preliva u struju u uti\u010dnici, u cenu goriva, u useve na njivi i u kvalitet vazduha i vode kojom se ljudi svakodnevno slu\u017ee.<\/p>\n<p>Dunav nam \u0161alje jasnu poruku: kroz tihi, uporni pad vodostaja iz godine u godinu, da\u00a0<strong>ovo nije pri\u010da o jednom lo\u0161em letu<\/strong>, ve\u0107 o reci koja nam pokazuje granice sopstvene izdr\u017eljivosti, i pita nas koliko smo spremni da tu granicu po\u0161tujemo.<\/p>\n<p><em><strong>O autoru<\/strong><\/em><\/p>\n<p><em><strong>Dr Igor Le\u0161\u010de\u0161en<\/strong>\u00a0je master i doktorske studije zavr\u0161io na Prirodno-matemati\u010dkom fakultetu Univerziteta u Novom Sadu. Od 2024. godine zaposlen je na Institutu za hidrologiju Slova\u010dke akademije nauka, gde se bavi istra\u017eivanjima hidrolo\u0161kih ekstrema, klimatologije i njihovog uzajamnog odnosa. Me\u0111unarodno iskustvo gradio je kroz postdoktorske anga\u017emane u Sloveniji i Ma\u0111arskoj, kao i kroz saradnju sa nema\u010dkom konsultantskom ku\u0107om Climate Risk Analysis. Pored akademske karijere, aktivno se bavi i promocijom nauke kroz nau\u010dno-popularne \u010dlanke i predavanja.<\/em><\/p>\n<p style=\"text-align: right;\"><em>Foto\/ilustracija: FB grupa Volim Dunav<\/em><\/p>\n<p>&nbsp;<\/p>\n<p>&nbsp;<\/p>\n","protected":false},"excerpt":{"rendered":"<p>5. avgust 2026 \u2013 Dunav je oduvek bio simbol postojanosti, reka koja povezuje deset zemalja, snabdeva pola kontinenta vodom, energijom i saobra\u0107ajno povezuje. Ipak, leto 2026. pokazuje da \u010dak i takva mo\u0107na reka ima granicu izdr\u017eljivosti. Vodostaj kod Bezdana spustio se na -120 cm, \u010dime se pribli\u017eio istorijskom minimumu iz davne 1909. godine. Sli\u010dna slika [&hellip;]<\/p>\n","protected":false},"author":2,"featured_media":123366,"comment_status":"open","ping_status":"closed","sticky":false,"template":"","format":"standard","meta":{"footnotes":""},"categories":[396],"tags":[114,17478,4360],"class_list":["post-123363","post","type-post","status-publish","format-standard","has-post-thumbnail","hentry","category-prenosimo","tag-dunav","tag-susa","tag-vodostaj"],"yoast_head":"<!-- This site is optimized with the Yoast SEO plugin v28.4 - https:\/\/yoast.com\/product\/yoast-seo-wordpress\/ -->\n<title>Vodostaj Dunava ekstremno nizak \u2013 drugi put u samo \u010detiri godine. Da li je ovo \u201enova normala\u201d? -<\/title>\n<meta name=\"robots\" content=\"index, follow, max-snippet:-1, max-image-preview:large, max-video-preview:-1\" \/>\n<link rel=\"canonical\" href=\"https:\/\/www.podunavlje.info\/dir\/2026\/08\/05\/vodostaj-dunava-ekstremno-nizak-drugi-put-u-samo-cetiri-godine-da-li-je-ovo-nova-normala\/\" \/>\n<meta property=\"og:locale\" content=\"sr_RS\" \/>\n<meta property=\"og:type\" content=\"article\" \/>\n<meta property=\"og:title\" content=\"Vodostaj Dunava ekstremno nizak \u2013 drugi put u samo \u010detiri godine. Da li je ovo \u201enova normala\u201d? -\" \/>\n<meta property=\"og:description\" content=\"5. avgust 2026 \u2013 Dunav je oduvek bio simbol postojanosti, reka koja povezuje deset zemalja, snabdeva pola kontinenta vodom, energijom i saobra\u0107ajno povezuje. Ipak, leto 2026. pokazuje da \u010dak i takva mo\u0107na reka ima granicu izdr\u017eljivosti. Vodostaj kod Bezdana spustio se na -120 cm, \u010dime se pribli\u017eio istorijskom minimumu iz davne 1909. godine. Sli\u010dna slika [&hellip;]\" \/>\n<meta property=\"og:url\" content=\"https:\/\/www.podunavlje.info\/dir\/2026\/08\/05\/vodostaj-dunava-ekstremno-nizak-drugi-put-u-samo-cetiri-godine-da-li-je-ovo-nova-normala\/\" \/>\n<meta property=\"article:publisher\" content=\"https:\/\/www.facebook.com\/podunavlje.info\/\" \/>\n<meta property=\"article:published_time\" content=\"2026-08-05T05:25:25+00:00\" \/>\n<meta property=\"article:modified_time\" content=\"2026-08-05T07:30:08+00:00\" \/>\n<meta property=\"og:image\" content=\"https:\/\/www.podunavlje.info\/dir\/wp-content\/uploads\/2026\/08\/povukao-se-dunav.webp\" \/>\n\t<meta property=\"og:image:width\" content=\"840\" \/>\n\t<meta property=\"og:image:height\" content=\"480\" \/>\n\t<meta property=\"og:image:type\" content=\"image\/webp\" \/>\n<meta name=\"author\" content=\"Miroslav \u0110or\u0111evi\u0107\" \/>\n<meta name=\"twitter:card\" content=\"summary_large_image\" \/>\n<meta name=\"twitter:creator\" content=\"@PodunavljeInfo\" \/>\n<meta name=\"twitter:site\" content=\"@PodunavljeInfo\" \/>\n<meta name=\"twitter:label1\" content=\"Napisano od\" \/>\n\t<meta name=\"twitter:data1\" content=\"Miroslav \u0110or\u0111evi\u0107\" \/>\n\t<meta name=\"twitter:label2\" content=\"Procenjeno vreme \u010ditanja\" \/>\n\t<meta name=\"twitter:data2\" content=\"7 minuta\" \/>\n<script type=\"application\/ld+json\" class=\"yoast-schema-graph\">{\"@context\":\"https:\\\/\\\/schema.org\",\"@graph\":[{\"@type\":\"Article\",\"@id\":\"https:\\\/\\\/www.podunavlje.info\\\/dir\\\/2026\\\/08\\\/05\\\/vodostaj-dunava-ekstremno-nizak-drugi-put-u-samo-cetiri-godine-da-li-je-ovo-nova-normala\\\/#article\",\"isPartOf\":{\"@id\":\"https:\\\/\\\/www.podunavlje.info\\\/dir\\\/2026\\\/08\\\/05\\\/vodostaj-dunava-ekstremno-nizak-drugi-put-u-samo-cetiri-godine-da-li-je-ovo-nova-normala\\\/\"},\"author\":{\"name\":\"Miroslav \u0110or\u0111evi\u0107\",\"@id\":\"https:\\\/\\\/www.podunavlje.info\\\/dir\\\/#\\\/schema\\\/person\\\/23087d50a21ce81afafa4d54cf5b098e\"},\"headline\":\"Vodostaj Dunava ekstremno nizak \u2013 drugi put u samo \u010detiri godine. Da li je ovo \u201enova normala\u201d?\",\"datePublished\":\"2026-08-05T05:25:25+00:00\",\"dateModified\":\"2026-08-05T07:30:08+00:00\",\"mainEntityOfPage\":{\"@id\":\"https:\\\/\\\/www.podunavlje.info\\\/dir\\\/2026\\\/08\\\/05\\\/vodostaj-dunava-ekstremno-nizak-drugi-put-u-samo-cetiri-godine-da-li-je-ovo-nova-normala\\\/\"},\"wordCount\":1357,\"commentCount\":0,\"image\":{\"@id\":\"https:\\\/\\\/www.podunavlje.info\\\/dir\\\/2026\\\/08\\\/05\\\/vodostaj-dunava-ekstremno-nizak-drugi-put-u-samo-cetiri-godine-da-li-je-ovo-nova-normala\\\/#primaryimage\"},\"thumbnailUrl\":\"https:\\\/\\\/www.podunavlje.info\\\/dir\\\/wp-content\\\/uploads\\\/2026\\\/08\\\/povukao-se-dunav.webp\",\"keywords\":[\"Dunav\",\"su\u0161a\",\"Vodostaj\"],\"articleSection\":[\"PRENOSIMO\"],\"inLanguage\":\"sr-RS\",\"potentialAction\":[{\"@type\":\"CommentAction\",\"name\":\"Comment\",\"target\":[\"https:\\\/\\\/www.podunavlje.info\\\/dir\\\/2026\\\/08\\\/05\\\/vodostaj-dunava-ekstremno-nizak-drugi-put-u-samo-cetiri-godine-da-li-je-ovo-nova-normala\\\/#respond\"]}]},{\"@type\":\"WebPage\",\"@id\":\"https:\\\/\\\/www.podunavlje.info\\\/dir\\\/2026\\\/08\\\/05\\\/vodostaj-dunava-ekstremno-nizak-drugi-put-u-samo-cetiri-godine-da-li-je-ovo-nova-normala\\\/\",\"url\":\"https:\\\/\\\/www.podunavlje.info\\\/dir\\\/2026\\\/08\\\/05\\\/vodostaj-dunava-ekstremno-nizak-drugi-put-u-samo-cetiri-godine-da-li-je-ovo-nova-normala\\\/\",\"name\":\"Vodostaj Dunava ekstremno nizak \u2013 drugi put u samo \u010detiri godine. Da li je ovo \u201enova normala\u201d? -\",\"isPartOf\":{\"@id\":\"https:\\\/\\\/www.podunavlje.info\\\/dir\\\/#website\"},\"primaryImageOfPage\":{\"@id\":\"https:\\\/\\\/www.podunavlje.info\\\/dir\\\/2026\\\/08\\\/05\\\/vodostaj-dunava-ekstremno-nizak-drugi-put-u-samo-cetiri-godine-da-li-je-ovo-nova-normala\\\/#primaryimage\"},\"image\":{\"@id\":\"https:\\\/\\\/www.podunavlje.info\\\/dir\\\/2026\\\/08\\\/05\\\/vodostaj-dunava-ekstremno-nizak-drugi-put-u-samo-cetiri-godine-da-li-je-ovo-nova-normala\\\/#primaryimage\"},\"thumbnailUrl\":\"https:\\\/\\\/www.podunavlje.info\\\/dir\\\/wp-content\\\/uploads\\\/2026\\\/08\\\/povukao-se-dunav.webp\",\"datePublished\":\"2026-08-05T05:25:25+00:00\",\"dateModified\":\"2026-08-05T07:30:08+00:00\",\"author\":{\"@id\":\"https:\\\/\\\/www.podunavlje.info\\\/dir\\\/#\\\/schema\\\/person\\\/23087d50a21ce81afafa4d54cf5b098e\"},\"breadcrumb\":{\"@id\":\"https:\\\/\\\/www.podunavlje.info\\\/dir\\\/2026\\\/08\\\/05\\\/vodostaj-dunava-ekstremno-nizak-drugi-put-u-samo-cetiri-godine-da-li-je-ovo-nova-normala\\\/#breadcrumb\"},\"inLanguage\":\"sr-RS\",\"potentialAction\":[{\"@type\":\"ReadAction\",\"target\":[\"https:\\\/\\\/www.podunavlje.info\\\/dir\\\/2026\\\/08\\\/05\\\/vodostaj-dunava-ekstremno-nizak-drugi-put-u-samo-cetiri-godine-da-li-je-ovo-nova-normala\\\/\"]}]},{\"@type\":\"ImageObject\",\"inLanguage\":\"sr-RS\",\"@id\":\"https:\\\/\\\/www.podunavlje.info\\\/dir\\\/2026\\\/08\\\/05\\\/vodostaj-dunava-ekstremno-nizak-drugi-put-u-samo-cetiri-godine-da-li-je-ovo-nova-normala\\\/#primaryimage\",\"url\":\"https:\\\/\\\/www.podunavlje.info\\\/dir\\\/wp-content\\\/uploads\\\/2026\\\/08\\\/povukao-se-dunav.webp\",\"contentUrl\":\"https:\\\/\\\/www.podunavlje.info\\\/dir\\\/wp-content\\\/uploads\\\/2026\\\/08\\\/povukao-se-dunav.webp\",\"width\":840,\"height\":480},{\"@type\":\"BreadcrumbList\",\"@id\":\"https:\\\/\\\/www.podunavlje.info\\\/dir\\\/2026\\\/08\\\/05\\\/vodostaj-dunava-ekstremno-nizak-drugi-put-u-samo-cetiri-godine-da-li-je-ovo-nova-normala\\\/#breadcrumb\",\"itemListElement\":[{\"@type\":\"ListItem\",\"position\":1,\"name\":\"Home\",\"item\":\"https:\\\/\\\/www.podunavlje.info\\\/dir\\\/\"},{\"@type\":\"ListItem\",\"position\":2,\"name\":\"Vodostaj Dunava ekstremno nizak \u2013 drugi put u samo \u010detiri godine. Da li je ovo \u201enova normala\u201d?\"}]},{\"@type\":\"WebSite\",\"@id\":\"https:\\\/\\\/www.podunavlje.info\\\/dir\\\/#website\",\"url\":\"https:\\\/\\\/www.podunavlje.info\\\/dir\\\/\",\"name\":\"\",\"description\":\"\",\"potentialAction\":[{\"@type\":\"SearchAction\",\"target\":{\"@type\":\"EntryPoint\",\"urlTemplate\":\"https:\\\/\\\/www.podunavlje.info\\\/dir\\\/?s={search_term_string}\"},\"query-input\":{\"@type\":\"PropertyValueSpecification\",\"valueRequired\":true,\"valueName\":\"search_term_string\"}}],\"inLanguage\":\"sr-RS\"},{\"@type\":\"Person\",\"@id\":\"https:\\\/\\\/www.podunavlje.info\\\/dir\\\/#\\\/schema\\\/person\\\/23087d50a21ce81afafa4d54cf5b098e\",\"name\":\"Miroslav \u0110or\u0111evi\u0107\",\"url\":\"https:\\\/\\\/www.podunavlje.info\\\/dir\\\/author\\\/djole\\\/\"}]}<\/script>\n<!-- \/ Yoast SEO plugin. -->","yoast_head_json":{"title":"Vodostaj Dunava ekstremno nizak \u2013 drugi put u samo \u010detiri godine. Da li je ovo \u201enova normala\u201d? -","robots":{"index":"index","follow":"follow","max-snippet":"max-snippet:-1","max-image-preview":"max-image-preview:large","max-video-preview":"max-video-preview:-1"},"canonical":"https:\/\/www.podunavlje.info\/dir\/2026\/08\/05\/vodostaj-dunava-ekstremno-nizak-drugi-put-u-samo-cetiri-godine-da-li-je-ovo-nova-normala\/","og_locale":"sr_RS","og_type":"article","og_title":"Vodostaj Dunava ekstremno nizak \u2013 drugi put u samo \u010detiri godine. Da li je ovo \u201enova normala\u201d? -","og_description":"5. avgust 2026 \u2013 Dunav je oduvek bio simbol postojanosti, reka koja povezuje deset zemalja, snabdeva pola kontinenta vodom, energijom i saobra\u0107ajno povezuje. Ipak, leto 2026. pokazuje da \u010dak i takva mo\u0107na reka ima granicu izdr\u017eljivosti. Vodostaj kod Bezdana spustio se na -120 cm, \u010dime se pribli\u017eio istorijskom minimumu iz davne 1909. godine. Sli\u010dna slika [&hellip;]","og_url":"https:\/\/www.podunavlje.info\/dir\/2026\/08\/05\/vodostaj-dunava-ekstremno-nizak-drugi-put-u-samo-cetiri-godine-da-li-je-ovo-nova-normala\/","article_publisher":"https:\/\/www.facebook.com\/podunavlje.info\/","article_published_time":"2026-08-05T05:25:25+00:00","article_modified_time":"2026-08-05T07:30:08+00:00","og_image":[{"width":840,"height":480,"url":"https:\/\/www.podunavlje.info\/dir\/wp-content\/uploads\/2026\/08\/povukao-se-dunav.webp","type":"image\/webp"}],"author":"Miroslav \u0110or\u0111evi\u0107","twitter_card":"summary_large_image","twitter_creator":"@PodunavljeInfo","twitter_site":"@PodunavljeInfo","twitter_misc":{"Napisano od":"Miroslav \u0110or\u0111evi\u0107","Procenjeno vreme \u010ditanja":"7 minuta"},"schema":{"@context":"https:\/\/schema.org","@graph":[{"@type":"Article","@id":"https:\/\/www.podunavlje.info\/dir\/2026\/08\/05\/vodostaj-dunava-ekstremno-nizak-drugi-put-u-samo-cetiri-godine-da-li-je-ovo-nova-normala\/#article","isPartOf":{"@id":"https:\/\/www.podunavlje.info\/dir\/2026\/08\/05\/vodostaj-dunava-ekstremno-nizak-drugi-put-u-samo-cetiri-godine-da-li-je-ovo-nova-normala\/"},"author":{"name":"Miroslav \u0110or\u0111evi\u0107","@id":"https:\/\/www.podunavlje.info\/dir\/#\/schema\/person\/23087d50a21ce81afafa4d54cf5b098e"},"headline":"Vodostaj Dunava ekstremno nizak \u2013 drugi put u samo \u010detiri godine. Da li je ovo \u201enova normala\u201d?","datePublished":"2026-08-05T05:25:25+00:00","dateModified":"2026-08-05T07:30:08+00:00","mainEntityOfPage":{"@id":"https:\/\/www.podunavlje.info\/dir\/2026\/08\/05\/vodostaj-dunava-ekstremno-nizak-drugi-put-u-samo-cetiri-godine-da-li-je-ovo-nova-normala\/"},"wordCount":1357,"commentCount":0,"image":{"@id":"https:\/\/www.podunavlje.info\/dir\/2026\/08\/05\/vodostaj-dunava-ekstremno-nizak-drugi-put-u-samo-cetiri-godine-da-li-je-ovo-nova-normala\/#primaryimage"},"thumbnailUrl":"https:\/\/www.podunavlje.info\/dir\/wp-content\/uploads\/2026\/08\/povukao-se-dunav.webp","keywords":["Dunav","su\u0161a","Vodostaj"],"articleSection":["PRENOSIMO"],"inLanguage":"sr-RS","potentialAction":[{"@type":"CommentAction","name":"Comment","target":["https:\/\/www.podunavlje.info\/dir\/2026\/08\/05\/vodostaj-dunava-ekstremno-nizak-drugi-put-u-samo-cetiri-godine-da-li-je-ovo-nova-normala\/#respond"]}]},{"@type":"WebPage","@id":"https:\/\/www.podunavlje.info\/dir\/2026\/08\/05\/vodostaj-dunava-ekstremno-nizak-drugi-put-u-samo-cetiri-godine-da-li-je-ovo-nova-normala\/","url":"https:\/\/www.podunavlje.info\/dir\/2026\/08\/05\/vodostaj-dunava-ekstremno-nizak-drugi-put-u-samo-cetiri-godine-da-li-je-ovo-nova-normala\/","name":"Vodostaj Dunava ekstremno nizak \u2013 drugi put u samo \u010detiri godine. Da li je ovo \u201enova normala\u201d? -","isPartOf":{"@id":"https:\/\/www.podunavlje.info\/dir\/#website"},"primaryImageOfPage":{"@id":"https:\/\/www.podunavlje.info\/dir\/2026\/08\/05\/vodostaj-dunava-ekstremno-nizak-drugi-put-u-samo-cetiri-godine-da-li-je-ovo-nova-normala\/#primaryimage"},"image":{"@id":"https:\/\/www.podunavlje.info\/dir\/2026\/08\/05\/vodostaj-dunava-ekstremno-nizak-drugi-put-u-samo-cetiri-godine-da-li-je-ovo-nova-normala\/#primaryimage"},"thumbnailUrl":"https:\/\/www.podunavlje.info\/dir\/wp-content\/uploads\/2026\/08\/povukao-se-dunav.webp","datePublished":"2026-08-05T05:25:25+00:00","dateModified":"2026-08-05T07:30:08+00:00","author":{"@id":"https:\/\/www.podunavlje.info\/dir\/#\/schema\/person\/23087d50a21ce81afafa4d54cf5b098e"},"breadcrumb":{"@id":"https:\/\/www.podunavlje.info\/dir\/2026\/08\/05\/vodostaj-dunava-ekstremno-nizak-drugi-put-u-samo-cetiri-godine-da-li-je-ovo-nova-normala\/#breadcrumb"},"inLanguage":"sr-RS","potentialAction":[{"@type":"ReadAction","target":["https:\/\/www.podunavlje.info\/dir\/2026\/08\/05\/vodostaj-dunava-ekstremno-nizak-drugi-put-u-samo-cetiri-godine-da-li-je-ovo-nova-normala\/"]}]},{"@type":"ImageObject","inLanguage":"sr-RS","@id":"https:\/\/www.podunavlje.info\/dir\/2026\/08\/05\/vodostaj-dunava-ekstremno-nizak-drugi-put-u-samo-cetiri-godine-da-li-je-ovo-nova-normala\/#primaryimage","url":"https:\/\/www.podunavlje.info\/dir\/wp-content\/uploads\/2026\/08\/povukao-se-dunav.webp","contentUrl":"https:\/\/www.podunavlje.info\/dir\/wp-content\/uploads\/2026\/08\/povukao-se-dunav.webp","width":840,"height":480},{"@type":"BreadcrumbList","@id":"https:\/\/www.podunavlje.info\/dir\/2026\/08\/05\/vodostaj-dunava-ekstremno-nizak-drugi-put-u-samo-cetiri-godine-da-li-je-ovo-nova-normala\/#breadcrumb","itemListElement":[{"@type":"ListItem","position":1,"name":"Home","item":"https:\/\/www.podunavlje.info\/dir\/"},{"@type":"ListItem","position":2,"name":"Vodostaj Dunava ekstremno nizak \u2013 drugi put u samo \u010detiri godine. Da li je ovo \u201enova normala\u201d?"}]},{"@type":"WebSite","@id":"https:\/\/www.podunavlje.info\/dir\/#website","url":"https:\/\/www.podunavlje.info\/dir\/","name":"","description":"","potentialAction":[{"@type":"SearchAction","target":{"@type":"EntryPoint","urlTemplate":"https:\/\/www.podunavlje.info\/dir\/?s={search_term_string}"},"query-input":{"@type":"PropertyValueSpecification","valueRequired":true,"valueName":"search_term_string"}}],"inLanguage":"sr-RS"},{"@type":"Person","@id":"https:\/\/www.podunavlje.info\/dir\/#\/schema\/person\/23087d50a21ce81afafa4d54cf5b098e","name":"Miroslav \u0110or\u0111evi\u0107","url":"https:\/\/www.podunavlje.info\/dir\/author\/djole\/"}]}},"_links":{"self":[{"href":"https:\/\/www.podunavlje.info\/dir\/wp-json\/wp\/v2\/posts\/123363","targetHints":{"allow":["GET"]}}],"collection":[{"href":"https:\/\/www.podunavlje.info\/dir\/wp-json\/wp\/v2\/posts"}],"about":[{"href":"https:\/\/www.podunavlje.info\/dir\/wp-json\/wp\/v2\/types\/post"}],"author":[{"embeddable":true,"href":"https:\/\/www.podunavlje.info\/dir\/wp-json\/wp\/v2\/users\/2"}],"replies":[{"embeddable":true,"href":"https:\/\/www.podunavlje.info\/dir\/wp-json\/wp\/v2\/comments?post=123363"}],"version-history":[{"count":1,"href":"https:\/\/www.podunavlje.info\/dir\/wp-json\/wp\/v2\/posts\/123363\/revisions"}],"predecessor-version":[{"id":123365,"href":"https:\/\/www.podunavlje.info\/dir\/wp-json\/wp\/v2\/posts\/123363\/revisions\/123365"}],"wp:featuredmedia":[{"embeddable":true,"href":"https:\/\/www.podunavlje.info\/dir\/wp-json\/wp\/v2\/media\/123366"}],"wp:attachment":[{"href":"https:\/\/www.podunavlje.info\/dir\/wp-json\/wp\/v2\/media?parent=123363"}],"wp:term":[{"taxonomy":"category","embeddable":true,"href":"https:\/\/www.podunavlje.info\/dir\/wp-json\/wp\/v2\/categories?post=123363"},{"taxonomy":"post_tag","embeddable":true,"href":"https:\/\/www.podunavlje.info\/dir\/wp-json\/wp\/v2\/tags?post=123363"}],"curies":[{"name":"wp","href":"https:\/\/api.w.org\/{rel}","templated":true}]}}